{"id":96,"date":"2014-06-07T09:20:36","date_gmt":"2014-06-07T07:20:36","guid":{"rendered":"http:\/\/www.initiative-rathaus-seefeld.org\/?p=96"},"modified":"2014-08-16T09:30:43","modified_gmt":"2014-08-16T07:30:43","slug":"anbau-des-landratsamts-in-starnberg","status":"publish","type":"post","link":"https:\/\/www.initiative-rathaus-seefeld.org\/?p=96","title":{"rendered":"Das Landratsamt in Starnberg baut auch an"},"content":{"rendered":"<p>Laut M\u00fcnchner Merkur vom 07.06.2014 entsteht ein Geb\u00e4ude f\u00fcr 120 Mitarbeiter f\u00fcr etwa 6,5 Mio \u20ac. Wie geht denn das? Bei uns soll ein Neubau f\u00fcr unter 20 Mitarbeiter ebenfalls zwischen 6 und 8 Mio \u20ac kosten.<!--more--><\/p>\n<p><a href=\"https:\/\/www.initiative-rathaus-seefeld.org\/wp-content\/uploads\/2014\/08\/MM-2014-06-07-Anbau-Landratsamt-Starnberg.jpg\"><img loading=\"lazy\" decoding=\"async\" class=\"alignnone size-medium wp-image-97\" src=\"https:\/\/www.initiative-rathaus-seefeld.org\/wp-content\/uploads\/2014\/08\/MM-2014-06-07-Anbau-Landratsamt-Starnberg-300x203.jpg\" alt=\"MM 2014-06-07 Anbau Landratsamt Starnberg\" width=\"300\" height=\"203\" srcset=\"https:\/\/www.initiative-rathaus-seefeld.org\/wp-content\/uploads\/2014\/08\/MM-2014-06-07-Anbau-Landratsamt-Starnberg-300x203.jpg 300w, https:\/\/www.initiative-rathaus-seefeld.org\/wp-content\/uploads\/2014\/08\/MM-2014-06-07-Anbau-Landratsamt-Starnberg.jpg 918w\" sizes=\"auto, (max-width: 300px) 100vw, 300px\" \/><\/a><\/p>\n","protected":false},"excerpt":{"rendered":"<p>Laut M\u00fcnchner Merkur vom 07.06.2014 entsteht ein Geb\u00e4ude f\u00fcr 120 Mitarbeiter f\u00fcr etwa 6,5 Mio \u20ac. Wie geht denn das? Bei uns soll ein Neubau f\u00fcr unter 20 Mitarbeiter ebenfalls zwischen 6 und 8 Mio \u20ac kosten.<\/p>\n","protected":false},"author":1,"featured_media":0,"comment_status":"closed","ping_status":"closed","sticky":false,"template":"","format":"standard","meta":{"footnotes":""},"categories":[1],"tags":[],"class_list":["post-96","post","type-post","status-publish","format-standard","hentry","category-informationen"],"_links":{"self":[{"href":"https:\/\/www.initiative-rathaus-seefeld.org\/index.php?rest_route=\/wp\/v2\/posts\/96","targetHints":{"allow":["GET"]}}],"collection":[{"href":"https:\/\/www.initiative-rathaus-seefeld.org\/index.php?rest_route=\/wp\/v2\/posts"}],"about":[{"href":"https:\/\/www.initiative-rathaus-seefeld.org\/index.php?rest_route=\/wp\/v2\/types\/post"}],"author":[{"embeddable":true,"href":"https:\/\/www.initiative-rathaus-seefeld.org\/index.php?rest_route=\/wp\/v2\/users\/1"}],"replies":[{"embeddable":true,"href":"https:\/\/www.initiative-rathaus-seefeld.org\/index.php?rest_route=%2Fwp%2Fv2%2Fcomments&post=96"}],"version-history":[{"count":3,"href":"https:\/\/www.initiative-rathaus-seefeld.org\/index.php?rest_route=\/wp\/v2\/posts\/96\/revisions"}],"predecessor-version":[{"id":103,"href":"https:\/\/www.initiative-rathaus-seefeld.org\/index.php?rest_route=\/wp\/v2\/posts\/96\/revisions\/103"}],"wp:attachment":[{"href":"https:\/\/www.initiative-rathaus-seefeld.org\/index.php?rest_route=%2Fwp%2Fv2%2Fmedia&parent=96"}],"wp:term":[{"taxonomy":"category","embeddable":true,"href":"https:\/\/www.initiative-rathaus-seefeld.org\/index.php?rest_route=%2Fwp%2Fv2%2Fcategories&post=96"},{"taxonomy":"post_tag","embeddable":true,"href":"https:\/\/www.initiative-rathaus-seefeld.org\/index.php?rest_route=%2Fwp%2Fv2%2Ftags&post=96"}],"curies":[{"name":"wp","href":"https:\/\/api.w.org\/{rel}","templated":true}]}}