{"id":88,"date":"2014-06-26T09:08:46","date_gmt":"2014-06-26T07:08:46","guid":{"rendered":"http:\/\/www.initiative-rathaus-seefeld.org\/?p=88"},"modified":"2014-08-16T09:11:39","modified_gmt":"2014-08-16T07:11:39","slug":"klaerendes-gespraech-zur-anbauloesung-am-26-juni","status":"publish","type":"post","link":"https:\/\/www.initiative-rathaus-seefeld.org\/?p=88","title":{"rendered":"Kl\u00e4rendes Gespr\u00e4ch zur Anbaul\u00f6sung am 26. Juni"},"content":{"rendered":"<div id=\"Text84LYR\" class=\"TextObject\" style=\"font-family: Arial,Helvetica,Geneva,Sans-serif; font-size: 18px; color: #000000;\">\n<p><span style=\"font-family: Arial,Helvetica,Geneva,Sans-serif; font-size: 18px; color: #000000;\">Am 26. Juni hat ein Informationsgespr\u00e4ch zur Anbaul\u00f6sung stattgefunden. <!--more--><\/span><\/p>\n<p>Teilgenommen haben u. a. B\u00fcrgermeister Gum, einige Gemeinder\u00e4te, der damalige Bauleiter und der damalige Planer Heizung\/L\u00fcftung\/Sanit\u00e4r und Vertreter des B\u00fcrgerbegehrens.<\/p>\n<p><span style=\"font-family: Arial,Helvetica,Geneva,Sans-serif; font-size: 18px; color: #000000;\">Eine wesentliche Ursache f\u00fcr die unbefriedigende Situation vor 7 Jahren, die letztlich auch zum Abbruch der Arbeiten an einer Anbaul\u00f6sung gef\u00fchrt hat, war eine der Komplexit\u00e4t der Aufgabe nicht angemessene Vorgehensweise. Grunds\u00e4tzlich wurde im Gespr\u00e4ch aber deutlich, dass das Problem nicht in der Unm\u00f6glichkeit eines modernen Anbaus liegt, sondern in der notwendigen Sanierung des Altbaus. Zur weiteren Kl\u00e4rung sind Gespr\u00e4che zu Einzelfragen mit Experten notwendig (u. a. zur Tiefe der notwendigen Sanierung).\u00a0 <\/span><\/p>\n<p><span style=\"font-family: Arial,Helvetica,Geneva,Sans-serif; font-size: 18px; color: #000000;\">Die Gespr\u00e4chsergebnisse werden ver\u00f6ffentlicht, wenn das Protokoll von den Teilnehmern (zur Ver\u00f6ffentlichung) freigegeben wurde. Es zeigt sich aber, dass das gleiche Gespr\u00e4ch sehr unterschiedlich gesehen wird, man aber auch (zeitliche) Schwierigkeiten hat, die Unterschiede konkret zu benennen.<br \/>\n<\/span><\/p>\n<p style=\"margin-bottom: 0px;\"><span style=\"font-family: Arial,Helvetica,Geneva,Sans-serif; font-size: 18px; color: #000000;\">Positiv ist nach wie vor die konstruktive Stimmung der Gespr\u00e4che (zu der B\u00fcrgermeister Gum wesentlich beitr\u00e4gt).<\/span><\/p>\n<\/div>\n","protected":false},"excerpt":{"rendered":"<p>Am 26. Juni hat ein Informationsgespr\u00e4ch zur Anbaul\u00f6sung stattgefunden.<\/p>\n","protected":false},"author":1,"featured_media":0,"comment_status":"closed","ping_status":"closed","sticky":false,"template":"","format":"standard","meta":{"footnotes":""},"categories":[1],"tags":[],"class_list":["post-88","post","type-post","status-publish","format-standard","hentry","category-informationen"],"_links":{"self":[{"href":"https:\/\/www.initiative-rathaus-seefeld.org\/index.php?rest_route=\/wp\/v2\/posts\/88","targetHints":{"allow":["GET"]}}],"collection":[{"href":"https:\/\/www.initiative-rathaus-seefeld.org\/index.php?rest_route=\/wp\/v2\/posts"}],"about":[{"href":"https:\/\/www.initiative-rathaus-seefeld.org\/index.php?rest_route=\/wp\/v2\/types\/post"}],"author":[{"embeddable":true,"href":"https:\/\/www.initiative-rathaus-seefeld.org\/index.php?rest_route=\/wp\/v2\/users\/1"}],"replies":[{"embeddable":true,"href":"https:\/\/www.initiative-rathaus-seefeld.org\/index.php?rest_route=%2Fwp%2Fv2%2Fcomments&post=88"}],"version-history":[{"count":1,"href":"https:\/\/www.initiative-rathaus-seefeld.org\/index.php?rest_route=\/wp\/v2\/posts\/88\/revisions"}],"predecessor-version":[{"id":89,"href":"https:\/\/www.initiative-rathaus-seefeld.org\/index.php?rest_route=\/wp\/v2\/posts\/88\/revisions\/89"}],"wp:attachment":[{"href":"https:\/\/www.initiative-rathaus-seefeld.org\/index.php?rest_route=%2Fwp%2Fv2%2Fmedia&parent=88"}],"wp:term":[{"taxonomy":"category","embeddable":true,"href":"https:\/\/www.initiative-rathaus-seefeld.org\/index.php?rest_route=%2Fwp%2Fv2%2Fcategories&post=88"},{"taxonomy":"post_tag","embeddable":true,"href":"https:\/\/www.initiative-rathaus-seefeld.org\/index.php?rest_route=%2Fwp%2Fv2%2Ftags&post=88"}],"curies":[{"name":"wp","href":"https:\/\/api.w.org\/{rel}","templated":true}]}}