{"id":854,"date":"2015-07-26T10:56:50","date_gmt":"2015-07-26T08:56:50","guid":{"rendered":"http:\/\/www.initiative-rathaus-seefeld.org\/?p=854"},"modified":"2015-07-27T04:23:52","modified_gmt":"2015-07-27T02:23:52","slug":"dialog-undoder-pressegespraech","status":"publish","type":"post","link":"https:\/\/www.initiative-rathaus-seefeld.org\/?p=854","title":{"rendered":"Dialog und\/oder Pressegespr\u00e4ch?"},"content":{"rendered":"<p>Nach Aussage von Herrn B\u00fcrgermeister Gum und dem Gemeinderat sollten <strong>Transparenz<\/strong> und <strong>Dialog<\/strong> die Vorgehensweise zum Thema \u201aRathaus\u2018 bestimmen. Da scheint man etwas vom Weg abgekommen.<\/p>\n<p>Der gesch\u00e4ftsleitende Beamte Herr Cording hat uns auf unsere Anfrage (s. <a href=\"https:\/\/www.initiative-rathaus-seefeld.org\/?p=852\" target=\"_blank\">hier<\/a>) hin mitgeteilt, dass f\u00fcr den <strong>29. Juli<\/strong> ein <strong>Pressegespr\u00e4ch<\/strong> geplant ist:<\/p>\n<p><em>&#8218;<strong>Von:<\/strong> Fritz Cording<\/em><br \/>\n<em> <strong>Gesendet:<\/strong> Freitag, 24. Juli 2015 11:17<\/em><br \/>\n<em> <strong>Betreff:<\/strong> Dialog mit der interessierten \u00d6ffentlichkeit zum Thema Rathaus Seefeld<\/em><\/p>\n<p><em>Sehr geehrter Herr Dr. Hofmann,<\/em><\/p>\n<p><em>zu Ihrer Information kann ich Ihnen mitteilen, dass die lokalen Pressevertreter f\u00fcr Mittwoch, den 29.07.2015 zu einem Pressegespr\u00e4ch zum Thema \u201eInformation zum Stand der Untersuchung Organisation\/Raumprogramm der Gemeindeverwaltung Seefeld\u201c eingeladen wurden.<\/em><\/p>\n<p><em>Wir gehen davon aus, dass die Presse daraufhin \u00fcber Ergebnisse sowie das weitere Vorgehen ausreichend informieren wird.<\/em><\/p>\n<p><em>Freundliche Gr\u00fc\u00dfe<\/em><\/p>\n<p><em><strong>Fritz Cording<\/strong><\/em><br \/>\n<em>Gesch\u00e4ftsleitender Beamter&#8216;<\/em><\/p>\n<p>Das scheint uns<strong> nicht stimmig<\/strong> mit der von Gemeinde und Beratungsunternehmen <strong>angek\u00fcndigten Ausrichtung des Vorgehens<\/strong>:<\/p>\n<p><em><strong>&#8218;Gesendet:<\/strong> Sonntag, 26. Juli 2015 06:33<\/em><br \/>\n<em><strong>Betreff:<\/strong> AW: Dialog mit der interessierten \u00d6ffentlichkeit zum Thema Rathaus Seefeld<\/em><\/p>\n<p><em>Sehr geehrter Herr Cording,<\/em><\/p>\n<p><em>\u00a0vielen Dank f\u00fcr den Hinweis.<\/em><\/p>\n<p><em>Vermutlich haben wir ein unterschiedliches Verst\u00e4ndnis der Begrifflichkeit. Wir verstehen unter \u201aDialog\u2018 eine \u201avon zwei oder mehreren Personen abwechselnd gef\u00fchrte Rede und Gegenrede\u2018 (s. Duden).<\/em><\/p>\n<p><em>Nach unserer Erinnerung haben insbesondere nach dem B\u00fcrgerentscheid im Oktober letzten Jahres Herr B\u00fcrgermeister Gum und der Gemeinderat als Lehre gezogen, dass Transparenz und Dialog die k\u00fcnftige Vorgehensweise bestimmen sollen. Vermutlich auch aufgrund der Erfahrung aus anderen Beratungsmandaten hat das von Ihnen beauftragte Unternehmen Bayerische Akademie f\u00fcr Verwaltungsmanagement GmbH den \u201aDialog mit der interessierten \u00d6ffentlichkeit\u2018 als Vorgehensweise vorgeschlagen.<\/em><\/p>\n<p><em>Das von Ihnen bekanntgegebene Pressegespr\u00e4ch entspricht <strong>nicht<\/strong> dem von Ihnen angek\u00fcndigten Verfahren, sondern entstammt dem Repertoire monologischer Verk\u00fcndigungsformen. Insofern hoffen wir, dass dieses Pressegespr\u00e4ch nur der Einstieg in den von Ihnen angek\u00fcndigten \u201aDialog mit der interessierten \u00d6ffentlichkeit\u2018 darstellt (nachzulesen auf der Website der Gemeinde mit Datum 06. M\u00e4rz 2015, im \u00dcbrigen auch der aktuellste Eintrag zum Thema Rathaus) und Sie bei dieser Gelegenheit auch Ihre weiteren Schritte zur Einbeziehung der Bev\u00f6lkerung pr\u00e4sentieren.<\/em><\/p>\n<p><em>\u00a0Wie seit Beginn der Besch\u00e4ftigung mit der Themenstellung \u201aRathaus\u2018 stehen wir nat\u00fcrlich auch weiterhin als Teil der interessierten \u00d6ffentlichkeit als Dialogpartner zur Verf\u00fcgung. Ich gehe davon aus, dass Sie dieses Angebot auch nutzen werden.<\/em><\/p>\n<p><em>\u00a0Mit freundlichen Gr\u00fc\u00dfen&#8216;<\/em><\/p>\n","protected":false},"excerpt":{"rendered":"<p>Nach Aussage von Herrn B\u00fcrgermeister Gum und dem Gemeinderat sollten Transparenz und Dialog die Vorgehensweise zum Thema \u201aRathaus\u2018 bestimmen. Da scheint man etwas vom Weg abgekommen. Der gesch\u00e4ftsleitende Beamte Herr Cording hat uns auf unsere Anfrage (s. hier) hin mitgeteilt, dass f\u00fcr den 29. Juli ein Pressegespr\u00e4ch geplant ist: &#8218;Von: Fritz Cording Gesendet: Freitag, 24. &hellip; <a href=\"https:\/\/www.initiative-rathaus-seefeld.org\/?p=854\" class=\"more-link\"><span class=\"screen-reader-text\">Dialog und\/oder Pressegespr\u00e4ch?<\/span> weiterlesen <span class=\"meta-nav\">&rarr;<\/span><\/a><\/p>\n","protected":false},"author":1,"featured_media":0,"comment_status":"closed","ping_status":"closed","sticky":false,"template":"","format":"standard","meta":{"footnotes":""},"categories":[1],"tags":[],"class_list":["post-854","post","type-post","status-publish","format-standard","hentry","category-informationen"],"_links":{"self":[{"href":"https:\/\/www.initiative-rathaus-seefeld.org\/index.php?rest_route=\/wp\/v2\/posts\/854","targetHints":{"allow":["GET"]}}],"collection":[{"href":"https:\/\/www.initiative-rathaus-seefeld.org\/index.php?rest_route=\/wp\/v2\/posts"}],"about":[{"href":"https:\/\/www.initiative-rathaus-seefeld.org\/index.php?rest_route=\/wp\/v2\/types\/post"}],"author":[{"embeddable":true,"href":"https:\/\/www.initiative-rathaus-seefeld.org\/index.php?rest_route=\/wp\/v2\/users\/1"}],"replies":[{"embeddable":true,"href":"https:\/\/www.initiative-rathaus-seefeld.org\/index.php?rest_route=%2Fwp%2Fv2%2Fcomments&post=854"}],"version-history":[{"count":4,"href":"https:\/\/www.initiative-rathaus-seefeld.org\/index.php?rest_route=\/wp\/v2\/posts\/854\/revisions"}],"predecessor-version":[{"id":859,"href":"https:\/\/www.initiative-rathaus-seefeld.org\/index.php?rest_route=\/wp\/v2\/posts\/854\/revisions\/859"}],"wp:attachment":[{"href":"https:\/\/www.initiative-rathaus-seefeld.org\/index.php?rest_route=%2Fwp%2Fv2%2Fmedia&parent=854"}],"wp:term":[{"taxonomy":"category","embeddable":true,"href":"https:\/\/www.initiative-rathaus-seefeld.org\/index.php?rest_route=%2Fwp%2Fv2%2Fcategories&post=854"},{"taxonomy":"post_tag","embeddable":true,"href":"https:\/\/www.initiative-rathaus-seefeld.org\/index.php?rest_route=%2Fwp%2Fv2%2Ftags&post=854"}],"curies":[{"name":"wp","href":"https:\/\/api.w.org\/{rel}","templated":true}]}}