{"id":825,"date":"2015-06-15T16:42:10","date_gmt":"2015-06-15T14:42:10","guid":{"rendered":"http:\/\/www.initiative-rathaus-seefeld.org\/?p=825"},"modified":"2015-06-18T16:49:28","modified_gmt":"2015-06-18T14:49:28","slug":"15-juni-2015-klaerendes-schreiben-zur-zwischennutzung-des-rathauses-an-buergermeister-gum","status":"publish","type":"post","link":"https:\/\/www.initiative-rathaus-seefeld.org\/?p=825","title":{"rendered":"15. Juni 2015: Kl\u00e4rendes Schreiben zur Zwischennutzung des Rathauses an B\u00fcrgermeister Gum"},"content":{"rendered":"<p>Um ein <strong>offensichtliches Missverst\u00e4ndnis\u00a0<\/strong> bez\u00fcglich der <strong>Nutzung des Rathauses f\u00fcr Asylbewerber<\/strong> aufzukl\u00e4ren wurde von uns eine Mail an Herrn B\u00fcrgermeister Gum gesandt:<\/p>\n<p><em><strong>Gesendet:<\/strong> Samstag, 13. Juni 2015 21:21<\/em><br \/>\n<em> <strong>An:<\/strong> B\u00fcrgermeister Gum<\/em><br \/>\n<em> <strong>Betreff:<\/strong> Nutzung des Rathauses f\u00fcr Asylbewerber<\/em><\/p>\n<p><em>Sehr geehrter Herr B\u00fcrgermeister Gum,<\/em><\/p>\n<p><em>Frau Dorschner hat mir heute auf dem Willkommenstag erz\u00e4hlt, dass im Gemeinderat der Gedanke diskutiert wurde, das <strong>aktuell leerstehende und ungenutzte Rathaus<\/strong> f\u00fcr die <strong>Unterbringung von Asylbewerbern<\/strong> zu nutzen. Von Ihrer Seite soll die Anmerkung gefallen sein, dass dann die \u201aInitiative Rathaus Seefeld\u2018 im Quadrat springen w\u00fcrde. Unabh\u00e4ngig davon, dass uns dies bei aktuellem Trainingsstand vermutlich bewegungstechnisch nicht gelingen w\u00fcrde, hatten wir diesen Gedanken auch schon und ich hatte eine entsprechende Mail an Frau Dorschner geschickt (s.u.).<\/em><\/p>\n<p><em>Aktuell haben wir nicht den Eindruck, dass die Gemeinde dabei ist, den B\u00fcrgerentscheid vom Oktober letzten Jahres \u00fcberst\u00fcrzt umzusetzen. Wir gehen entsprechend davon aus, dass sich das noch ziehen wird und im \u00dcbrigen die Planungs- und Umsetzungsaktivit\u00e4ten nicht behindert werden, wenn das Rathaus bev\u00f6lkert ist (was auch unsere Argumentation gegen die Totalevakuierung der Gemeindeverwaltung war).<\/em><\/p>\n<p><em>Wenn die Notwendigkeit besteht und die sachlichen Voraussetzungen vorhanden sind, so sind wir selbstverst\u00e4ndlich daf\u00fcr, dass die <strong>vorhandenen r\u00e4umlichen M\u00f6glichkeiten f\u00fcr die Unterbringung von Asylbewerbern genutzt<\/strong> werden und nicht Ressourcen aus \u201apolitischen Gr\u00fcnden\u2018 brachliegen (und trotzdem kosten). Wir haben uns immer als Vertreter der politischen wie der \u00f6konomischen Vernunft verstanden.<\/em><\/p>\n<p><em>Mit freundlichen Gr\u00fc\u00dfen<\/em><\/p>\n<p><em>\u00a0Anhang:<br \/>\n<strong>Gesendet:<\/strong> Freitag, 12. Juni 2015 13:37<\/em><br \/>\n<em> <strong>Betreff:<\/strong> AW: sehr aktuell: Asyl in Seefeld<\/em><\/p>\n<p><em>Hallo,<\/em><\/p>\n<p><em>wenn man den B\u00fcrgerstadl in Hechendorf f\u00fcr Asylbewerber zur Verf\u00fcgung stellt, dann dr\u00e4ngt sich die Frage auf, warum man nicht (auch) das <strong>leerstehende und aktuell ungenutzte Rathaus<\/strong> in Seefeld \u00a0f\u00fcr diesen Zweck in Betracht zieht.<\/em><\/p>\n<p><em>Die Argumente, die zum Umzug der Gemeindeverwaltung in den Technologiepark gef\u00fchrt haben sprechen nicht grunds\u00e4tzlich gegen diese Verwendung. Die angef\u00fchrten Probleme mit Brandschutz und Schimmelbefall beziehen sich nur auf kleine Bereiche des Geb\u00e4udes. Anpassungen im Sanit\u00e4rbereich m\u00fcssen vermutlich hier wie dort vorgenommen werden.<\/em><\/p>\n","protected":false},"excerpt":{"rendered":"<p>Um ein offensichtliches Missverst\u00e4ndnis\u00a0 bez\u00fcglich der Nutzung des Rathauses f\u00fcr Asylbewerber aufzukl\u00e4ren wurde von uns eine Mail an Herrn B\u00fcrgermeister Gum gesandt: Gesendet: Samstag, 13. Juni 2015 21:21 An: B\u00fcrgermeister Gum Betreff: Nutzung des Rathauses f\u00fcr Asylbewerber Sehr geehrter Herr B\u00fcrgermeister Gum, Frau Dorschner hat mir heute auf dem Willkommenstag erz\u00e4hlt, dass im Gemeinderat der &hellip; <a href=\"https:\/\/www.initiative-rathaus-seefeld.org\/?p=825\" class=\"more-link\"><span class=\"screen-reader-text\">15. Juni 2015: Kl\u00e4rendes Schreiben zur Zwischennutzung des Rathauses an B\u00fcrgermeister Gum<\/span> weiterlesen <span class=\"meta-nav\">&rarr;<\/span><\/a><\/p>\n","protected":false},"author":1,"featured_media":0,"comment_status":"closed","ping_status":"closed","sticky":false,"template":"","format":"standard","meta":{"footnotes":""},"categories":[4],"tags":[],"class_list":["post-825","post","type-post","status-publish","format-standard","hentry","category-protokoll"],"_links":{"self":[{"href":"https:\/\/www.initiative-rathaus-seefeld.org\/index.php?rest_route=\/wp\/v2\/posts\/825","targetHints":{"allow":["GET"]}}],"collection":[{"href":"https:\/\/www.initiative-rathaus-seefeld.org\/index.php?rest_route=\/wp\/v2\/posts"}],"about":[{"href":"https:\/\/www.initiative-rathaus-seefeld.org\/index.php?rest_route=\/wp\/v2\/types\/post"}],"author":[{"embeddable":true,"href":"https:\/\/www.initiative-rathaus-seefeld.org\/index.php?rest_route=\/wp\/v2\/users\/1"}],"replies":[{"embeddable":true,"href":"https:\/\/www.initiative-rathaus-seefeld.org\/index.php?rest_route=%2Fwp%2Fv2%2Fcomments&post=825"}],"version-history":[{"count":1,"href":"https:\/\/www.initiative-rathaus-seefeld.org\/index.php?rest_route=\/wp\/v2\/posts\/825\/revisions"}],"predecessor-version":[{"id":826,"href":"https:\/\/www.initiative-rathaus-seefeld.org\/index.php?rest_route=\/wp\/v2\/posts\/825\/revisions\/826"}],"wp:attachment":[{"href":"https:\/\/www.initiative-rathaus-seefeld.org\/index.php?rest_route=%2Fwp%2Fv2%2Fmedia&parent=825"}],"wp:term":[{"taxonomy":"category","embeddable":true,"href":"https:\/\/www.initiative-rathaus-seefeld.org\/index.php?rest_route=%2Fwp%2Fv2%2Fcategories&post=825"},{"taxonomy":"post_tag","embeddable":true,"href":"https:\/\/www.initiative-rathaus-seefeld.org\/index.php?rest_route=%2Fwp%2Fv2%2Ftags&post=825"}],"curies":[{"name":"wp","href":"https:\/\/api.w.org\/{rel}","templated":true}]}}