{"id":808,"date":"2015-06-08T17:42:17","date_gmt":"2015-06-08T15:42:17","guid":{"rendered":"http:\/\/www.initiative-rathaus-seefeld.org\/?p=808"},"modified":"2015-06-11T13:45:30","modified_gmt":"2015-06-11T11:45:30","slug":"08-juni-2015-telefonat-mit-frau-uebler","status":"publish","type":"post","link":"https:\/\/www.initiative-rathaus-seefeld.org\/?p=808","title":{"rendered":"08. Juni 2015: Telefonat mit Frau \u00dcbler"},"content":{"rendered":"<p>Telefonat mit <strong>Frau \u00dcbler<\/strong>, Bayerische Akademie f\u00fcr Verwaltungs-Management (Nachfrage zur Mail vom 20. Mai 2015):<\/p>\n<p>&#8211; n\u00e4chste Woche <strong>Abschluss der Bestandsaufnahme<\/strong> geplant (mit Pr\u00e4sentation vor der Arbeitsgruppe des Gemeinderats)<\/p>\n<p>&#8211; <strong>Juli 2015<\/strong>: <strong>Dialog mit der \u00d6ffentlichkeit geplant<\/strong> (detaillierte Zeitplanung liegt noch nicht vor; Dialog soll aber vor Ferienbeginn abgeschlossen sein)<\/p>\n<p>Es ist zu bef\u00fcrchten, dass die <strong>Zeit<\/strong> f\u00fcr einen, nach Aussagen auch von der Gemeinde gew\u00fcnschten <strong>intensiven Dialog mit der Bev\u00f6lkerung<\/strong> <strong>zu knapp<\/strong> wird!<\/p>\n","protected":false},"excerpt":{"rendered":"<p>Telefonat mit Frau \u00dcbler, Bayerische Akademie f\u00fcr Verwaltungs-Management (Nachfrage zur Mail vom 20. Mai 2015): &#8211; n\u00e4chste Woche Abschluss der Bestandsaufnahme geplant (mit Pr\u00e4sentation vor der Arbeitsgruppe des Gemeinderats) &#8211; Juli 2015: Dialog mit der \u00d6ffentlichkeit geplant (detaillierte Zeitplanung liegt noch nicht vor; Dialog soll aber vor Ferienbeginn abgeschlossen sein) Es ist zu bef\u00fcrchten, dass &hellip; <a href=\"https:\/\/www.initiative-rathaus-seefeld.org\/?p=808\" class=\"more-link\"><span class=\"screen-reader-text\">08. Juni 2015: Telefonat mit Frau \u00dcbler<\/span> weiterlesen <span class=\"meta-nav\">&rarr;<\/span><\/a><\/p>\n","protected":false},"author":1,"featured_media":0,"comment_status":"closed","ping_status":"closed","sticky":false,"template":"","format":"standard","meta":{"footnotes":""},"categories":[4],"tags":[],"class_list":["post-808","post","type-post","status-publish","format-standard","hentry","category-protokoll"],"_links":{"self":[{"href":"https:\/\/www.initiative-rathaus-seefeld.org\/index.php?rest_route=\/wp\/v2\/posts\/808","targetHints":{"allow":["GET"]}}],"collection":[{"href":"https:\/\/www.initiative-rathaus-seefeld.org\/index.php?rest_route=\/wp\/v2\/posts"}],"about":[{"href":"https:\/\/www.initiative-rathaus-seefeld.org\/index.php?rest_route=\/wp\/v2\/types\/post"}],"author":[{"embeddable":true,"href":"https:\/\/www.initiative-rathaus-seefeld.org\/index.php?rest_route=\/wp\/v2\/users\/1"}],"replies":[{"embeddable":true,"href":"https:\/\/www.initiative-rathaus-seefeld.org\/index.php?rest_route=%2Fwp%2Fv2%2Fcomments&post=808"}],"version-history":[{"count":8,"href":"https:\/\/www.initiative-rathaus-seefeld.org\/index.php?rest_route=\/wp\/v2\/posts\/808\/revisions"}],"predecessor-version":[{"id":816,"href":"https:\/\/www.initiative-rathaus-seefeld.org\/index.php?rest_route=\/wp\/v2\/posts\/808\/revisions\/816"}],"wp:attachment":[{"href":"https:\/\/www.initiative-rathaus-seefeld.org\/index.php?rest_route=%2Fwp%2Fv2%2Fmedia&parent=808"}],"wp:term":[{"taxonomy":"category","embeddable":true,"href":"https:\/\/www.initiative-rathaus-seefeld.org\/index.php?rest_route=%2Fwp%2Fv2%2Fcategories&post=808"},{"taxonomy":"post_tag","embeddable":true,"href":"https:\/\/www.initiative-rathaus-seefeld.org\/index.php?rest_route=%2Fwp%2Fv2%2Ftags&post=808"}],"curies":[{"name":"wp","href":"https:\/\/api.w.org\/{rel}","templated":true}]}}