{"id":803,"date":"2015-05-23T06:16:08","date_gmt":"2015-05-23T04:16:08","guid":{"rendered":"http:\/\/www.initiative-rathaus-seefeld.org\/?p=803"},"modified":"2015-06-18T17:07:42","modified_gmt":"2015-06-18T15:07:42","slug":"20-mai-2015-nachfrage-zum-dialog-mit-der-interessierten-oeffentlichkeit","status":"publish","type":"post","link":"https:\/\/www.initiative-rathaus-seefeld.org\/?p=803","title":{"rendered":"20. Mai 2015: Nachfrage zum &#8218;Dialog mit der interessierten \u00d6ffentlichkeit&#8216;"},"content":{"rendered":"<p>Nach einem guten Monat Analyse haben wir uns bei dem beauftragten Beratungsunternehmen nach den <strong>Planungen<\/strong> zum angestrebten &#8218;<strong>Dialog mit der interessierten \u00d6ffentlichkeit<\/strong>&#8218; erkundigt:<!--more--><\/p>\n<p><em>&#8218;Sehr geehrte Frau \u00dcbler,<\/em><\/p>\n<p><em>wie schon telefonisch ausgedr\u00fcckt, nochmals vielen Dank f\u00fcr Ihre prompte, ausf\u00fchrliche \u00a0und Hoffnung spendende Antwort.<\/em><\/p>\n<p><em>Anlass meiner Mail ist Ihre Aussage: \u201aSobald wir uns im Rahmen unserer unabh\u00e4ngigen und ergebnisoffenen Analyse ein eigenes Bild gemacht haben, werden wir den \u2013 in der Gemeinderatssitzung bereits angek\u00fcndigten &#8211; Dialog mit der interessierten \u00d6ffentlichkeit und so auch mit der Initiative f\u00fchren\u2018.<\/em><\/p>\n<p><em>Wenn ich es richtig sehe, ist seit Beginn der Arbeiten in und mit der Gemeinde Seefeld jetzt gut ein Monat vergangen. Wenn ich mich recht an die Grobeinsch\u00e4tzung aus der Gemeinderatssitzung erinnere, war das Projekt auf einen Zeitraum von 3 Monaten dimensioniert.<\/em><\/p>\n<p><em>Insofern nach etwa einem Drittel der Wegstrecke und nachdem Sie sicher einen \u00dcberblick \u00fcber die Situation haben (eine Kommunalverwaltung mit etwa 20 Mitarbeitern ist ja auch grunds\u00e4tzlich ein \u00fcbersichtliches Gebilde) unsere Frage, in welchem Zeitraster der \u201aDialog mit der interessierten \u00d6ffentlichkeit und so auch mit der Initiative\u2018 eingeplant ist.<\/em><\/p>\n<p><em>Wir freuen uns auf die Zusammenarbeit<\/em><\/p>\n<p><em>\u00a0Mit freundlichen Gr\u00fc\u00dfen&#8216;<\/em><\/p>\n","protected":false},"excerpt":{"rendered":"<p>Nach einem guten Monat Analyse haben wir uns bei dem beauftragten Beratungsunternehmen nach den Planungen zum angestrebten &#8218;Dialog mit der interessierten \u00d6ffentlichkeit&#8218; erkundigt:<\/p>\n","protected":false},"author":1,"featured_media":0,"comment_status":"closed","ping_status":"closed","sticky":false,"template":"","format":"standard","meta":{"footnotes":""},"categories":[4],"tags":[],"class_list":["post-803","post","type-post","status-publish","format-standard","hentry","category-protokoll"],"_links":{"self":[{"href":"https:\/\/www.initiative-rathaus-seefeld.org\/index.php?rest_route=\/wp\/v2\/posts\/803","targetHints":{"allow":["GET"]}}],"collection":[{"href":"https:\/\/www.initiative-rathaus-seefeld.org\/index.php?rest_route=\/wp\/v2\/posts"}],"about":[{"href":"https:\/\/www.initiative-rathaus-seefeld.org\/index.php?rest_route=\/wp\/v2\/types\/post"}],"author":[{"embeddable":true,"href":"https:\/\/www.initiative-rathaus-seefeld.org\/index.php?rest_route=\/wp\/v2\/users\/1"}],"replies":[{"embeddable":true,"href":"https:\/\/www.initiative-rathaus-seefeld.org\/index.php?rest_route=%2Fwp%2Fv2%2Fcomments&post=803"}],"version-history":[{"count":3,"href":"https:\/\/www.initiative-rathaus-seefeld.org\/index.php?rest_route=\/wp\/v2\/posts\/803\/revisions"}],"predecessor-version":[{"id":830,"href":"https:\/\/www.initiative-rathaus-seefeld.org\/index.php?rest_route=\/wp\/v2\/posts\/803\/revisions\/830"}],"wp:attachment":[{"href":"https:\/\/www.initiative-rathaus-seefeld.org\/index.php?rest_route=%2Fwp%2Fv2%2Fmedia&parent=803"}],"wp:term":[{"taxonomy":"category","embeddable":true,"href":"https:\/\/www.initiative-rathaus-seefeld.org\/index.php?rest_route=%2Fwp%2Fv2%2Fcategories&post=803"},{"taxonomy":"post_tag","embeddable":true,"href":"https:\/\/www.initiative-rathaus-seefeld.org\/index.php?rest_route=%2Fwp%2Fv2%2Ftags&post=803"}],"curies":[{"name":"wp","href":"https:\/\/api.w.org\/{rel}","templated":true}]}}