{"id":734,"date":"2015-02-24T17:08:57","date_gmt":"2015-02-24T16:08:57","guid":{"rendered":"http:\/\/www.initiative-rathaus-seefeld.org\/?p=734"},"modified":"2015-03-03T07:55:45","modified_gmt":"2015-03-03T06:55:45","slug":"24-februar-2015-auszug-aus-der-website-der-gemeinde","status":"publish","type":"post","link":"https:\/\/www.initiative-rathaus-seefeld.org\/?p=734","title":{"rendered":"24. Februar 2015: Auszug aus der Website der Gemeinde"},"content":{"rendered":"<p><strong>Auszug<\/strong> aus der <strong>Website der Gemeinde<\/strong>:<!--more--><\/p>\n<p><strong><em>19. Febraur 2015:<\/em><\/strong><\/p>\n<p>Am vergangenen Donnerstag erhielten die Gemeinder\u00e4te der Arbeitsgruppe Rathausplanung bei einem gemeinsamen Termin pers\u00f6nlich von den f\u00fcr den Umzug verantwortlichen Mitarbeiterinnen und Mitarbeitern einen Statusbericht zum Stand der Umbauma\u00dfnahmen und den Vorbereitungen f\u00fcr den Umzug in die neuen Verwaltungsr\u00e4ume am Technologiepark.<\/p>\n<p>Es zeigte sich hierbei, dass ein Geb\u00e4ude, das f\u00fcr die gewerbliche Nutzung errichtet wurde, nicht ohne weiteres f\u00fcr eine \u00f6ffentliche Verwaltung genutzt werden kann. So erfordert der allgemeine Daten- und insbesondere der Pers\u00f6nlichkeitsschutz von B\u00fcrgern, die mit ihren Anliegen vor Ort vorsprechen, zus\u00e4tzlich besondere Ma\u00dfnahmen, wie z.B. den Einbau von akkustischen Modulen oder eine hochmoderne Schlie\u00dfanlage, die die Verwaltung von den weiterhin gewerblich genutzten Bereichen sicher trennt und unbefugten Zutritt vereitelt. Das Archiv, das bisher an unterschiedlichen Standorten im Gemeindegebiet, lagert, wird\u00a0 in einem RAum von 135 qm zusammengef\u00fchrt und aktuell eingerichtet. Dabei zeigt sich, dass dieser Platz f\u00fcr den Bestand gerade eben ausreicht, jedoch keine Erweiterungsm\u00f6glichkeiten f\u00fcr die Zukunft bietet.<\/p>\n<p>Auch beim Brandschutz bestehen f\u00fcr eine \u00f6ffentliche Verwaltung h\u00f6here Anforderungen als f\u00fcr normale B\u00fcros, die nun durch entsprechende Um- und Einbauten erf\u00fcllt werden m\u00fcssen. Trotz dieser zus\u00e4tzlichen Ma\u00dfnahmen sind die Vorbereitungen zeitlich im Rahmen und die Verwaltung wird voraussichtlich wie geplant umziehen k\u00f6nnen.<\/p>\n<p><strong><em>16. Februar 2015:<\/em><\/strong><\/p>\n<p>In der Gemeinderatssitzung vom <strong>10. Februar <\/strong>wurde einem Vorschlag der SPD zugestimmt, dass der Planer Frank Reimann <strong>erneut <\/strong><strong>pr\u00fcfen soll<\/strong>, was als Anbau hinter dem alten Rathaus bauplanungsrechtlich m\u00f6glich ist. Diese Ma\u00dfnahme erm\u00f6glicht eine grobe Betrachtung, welche Baumasse auf dem Platz untergebracht werden k\u00f6nnte, entspricht jedoch keiner \u00dcberpr\u00fcfung einer m\u00f6glichen Funktionalit\u00e4t oder konkreten Planung eines Rathauses.<\/p>\n","protected":false},"excerpt":{"rendered":"<p>Auszug aus der Website der Gemeinde:<\/p>\n","protected":false},"author":1,"featured_media":0,"comment_status":"closed","ping_status":"closed","sticky":false,"template":"","format":"standard","meta":{"footnotes":""},"categories":[4],"tags":[],"class_list":["post-734","post","type-post","status-publish","format-standard","hentry","category-protokoll"],"_links":{"self":[{"href":"https:\/\/www.initiative-rathaus-seefeld.org\/index.php?rest_route=\/wp\/v2\/posts\/734","targetHints":{"allow":["GET"]}}],"collection":[{"href":"https:\/\/www.initiative-rathaus-seefeld.org\/index.php?rest_route=\/wp\/v2\/posts"}],"about":[{"href":"https:\/\/www.initiative-rathaus-seefeld.org\/index.php?rest_route=\/wp\/v2\/types\/post"}],"author":[{"embeddable":true,"href":"https:\/\/www.initiative-rathaus-seefeld.org\/index.php?rest_route=\/wp\/v2\/users\/1"}],"replies":[{"embeddable":true,"href":"https:\/\/www.initiative-rathaus-seefeld.org\/index.php?rest_route=%2Fwp%2Fv2%2Fcomments&post=734"}],"version-history":[{"count":2,"href":"https:\/\/www.initiative-rathaus-seefeld.org\/index.php?rest_route=\/wp\/v2\/posts\/734\/revisions"}],"predecessor-version":[{"id":745,"href":"https:\/\/www.initiative-rathaus-seefeld.org\/index.php?rest_route=\/wp\/v2\/posts\/734\/revisions\/745"}],"wp:attachment":[{"href":"https:\/\/www.initiative-rathaus-seefeld.org\/index.php?rest_route=%2Fwp%2Fv2%2Fmedia&parent=734"}],"wp:term":[{"taxonomy":"category","embeddable":true,"href":"https:\/\/www.initiative-rathaus-seefeld.org\/index.php?rest_route=%2Fwp%2Fv2%2Fcategories&post=734"},{"taxonomy":"post_tag","embeddable":true,"href":"https:\/\/www.initiative-rathaus-seefeld.org\/index.php?rest_route=%2Fwp%2Fv2%2Ftags&post=734"}],"curies":[{"name":"wp","href":"https:\/\/api.w.org\/{rel}","templated":true}]}}