{"id":648,"date":"2014-11-26T08:33:04","date_gmt":"2014-11-26T07:33:04","guid":{"rendered":"http:\/\/www.initiative-rathaus-seefeld.org\/?p=648"},"modified":"2014-12-03T09:33:25","modified_gmt":"2014-12-03T08:33:25","slug":"ergebnis-nach-einem-monat-buergerentscheid-bescheiden","status":"publish","type":"post","link":"https:\/\/www.initiative-rathaus-seefeld.org\/?p=648","title":{"rendered":"Ergebnis nach einem Monat B\u00fcrgerentscheid: Bescheiden!"},"content":{"rendered":"<p>Am <strong>26. Oktober<\/strong> hat sich die Bev\u00f6lkerung von Seefeld in einem <strong>B\u00fcrgerentscheid<\/strong> zugunsten<!--more--> der <strong>L\u00f6sung &#8218;Sanierung Rathaus + moderner Anbau&#8216;<\/strong> entschieden.<\/p>\n<p>Was ist <strong>seitdem passiert<\/strong>? Aus unserer Sicht <strong>zu wenig<\/strong>. Zu viel pers\u00f6nliche Betroffenheit und Trauerarbeit und zu wenig Aktivit\u00e4ten zur Umsetzung des B\u00fcrgerentscheids.<\/p>\n<p>Man hat sich auf die <strong>Evakuierung des Rathauses<\/strong> gest\u00fcrzt. Eine Ma\u00dfnahme, die man mit einigem Grund f\u00fcr v\u00f6llig \u00fcberzogen halten kann (siehe <a title=\"Evakuierung des Rathauses notwendig? \u00dcberhaupt? Alle? Jetzt?\" href=\"https:\/\/www.initiative-rathaus-seefeld.org\/?p=592\" target=\"_blank\">hier<\/a>).<\/p>\n<p>Die weitere <strong>Kl\u00e4rung<\/strong> der Grundlagen einer L\u00f6sung &#8218;Sanierung Rathaus + moderner Anbau&#8216; (M\u00f6glichkeiten des Rathausgel\u00e4ndes usw.) wurde hingegen <strong>nicht vorangetrieben<\/strong>.<\/p>\n<h5>Entpersonalisierung<\/h5>\n<p>In Gespr\u00e4chen mit B\u00fcrgermeister und einzelnen Gemeinder\u00e4ten haben wir versucht (und versuchen es weiter) deutlich zu machen, dass es uns beim B\u00fcrgerentscheid nicht um Angriffe auf Personen ging, sondern dass <strong>zwei Konzepte zur Auswahl<\/strong> standen und sich die Bev\u00f6lkerung mit zwei Dritteln f\u00fcr eines davon entschieden hat.<\/p>\n<p>Wir von der Initiative haben daf\u00fcr gesorgt, dass sich die B\u00fcrger\u00a0 ausdr\u00fccken und entscheiden konnten. Nicht weniger, aber auch nicht mehr.<\/p>\n<h5>Demokratieverdruss<\/h5>\n<p>Auch im Interesse einer demokratischen Kultur muss man aufpassen, dass nicht diejenigen recht bekommen, die schon immer gesagt haben &#8218;die machen ja sowieso was sie wollen&#8216;. Und wir werden aufpassen!<\/p>\n","protected":false},"excerpt":{"rendered":"<p>Am 26. Oktober hat sich die Bev\u00f6lkerung von Seefeld in einem B\u00fcrgerentscheid zugunsten<\/p>\n","protected":false},"author":1,"featured_media":0,"comment_status":"closed","ping_status":"closed","sticky":false,"template":"","format":"standard","meta":{"footnotes":""},"categories":[1],"tags":[],"class_list":["post-648","post","type-post","status-publish","format-standard","hentry","category-informationen"],"_links":{"self":[{"href":"https:\/\/www.initiative-rathaus-seefeld.org\/index.php?rest_route=\/wp\/v2\/posts\/648","targetHints":{"allow":["GET"]}}],"collection":[{"href":"https:\/\/www.initiative-rathaus-seefeld.org\/index.php?rest_route=\/wp\/v2\/posts"}],"about":[{"href":"https:\/\/www.initiative-rathaus-seefeld.org\/index.php?rest_route=\/wp\/v2\/types\/post"}],"author":[{"embeddable":true,"href":"https:\/\/www.initiative-rathaus-seefeld.org\/index.php?rest_route=\/wp\/v2\/users\/1"}],"replies":[{"embeddable":true,"href":"https:\/\/www.initiative-rathaus-seefeld.org\/index.php?rest_route=%2Fwp%2Fv2%2Fcomments&post=648"}],"version-history":[{"count":6,"href":"https:\/\/www.initiative-rathaus-seefeld.org\/index.php?rest_route=\/wp\/v2\/posts\/648\/revisions"}],"predecessor-version":[{"id":657,"href":"https:\/\/www.initiative-rathaus-seefeld.org\/index.php?rest_route=\/wp\/v2\/posts\/648\/revisions\/657"}],"wp:attachment":[{"href":"https:\/\/www.initiative-rathaus-seefeld.org\/index.php?rest_route=%2Fwp%2Fv2%2Fmedia&parent=648"}],"wp:term":[{"taxonomy":"category","embeddable":true,"href":"https:\/\/www.initiative-rathaus-seefeld.org\/index.php?rest_route=%2Fwp%2Fv2%2Fcategories&post=648"},{"taxonomy":"post_tag","embeddable":true,"href":"https:\/\/www.initiative-rathaus-seefeld.org\/index.php?rest_route=%2Fwp%2Fv2%2Ftags&post=648"}],"curies":[{"name":"wp","href":"https:\/\/api.w.org\/{rel}","templated":true}]}}