{"id":646,"date":"2014-11-26T08:03:39","date_gmt":"2014-11-26T07:03:39","guid":{"rendered":"http:\/\/www.initiative-rathaus-seefeld.org\/?p=646"},"modified":"2014-12-31T17:22:03","modified_gmt":"2014-12-31T16:22:03","slug":"25-november-2014-zaehe-angelegenheit","status":"publish","type":"post","link":"https:\/\/www.initiative-rathaus-seefeld.org\/?p=646","title":{"rendered":"25.November 2014: Z\u00e4he Angelegenheit"},"content":{"rendered":"<p><strong>Gespr\u00e4ch mit B\u00fcrgermeister Gum<\/strong> (zeitweise in Anwesenheit des Amtsleiters Cording):<!--more--><br \/>\n&#8211; wenig Drang erkennbar, den B\u00fcrgerentscheid umzusetzen<br \/>\n&#8211; eventuell wird B\u00fcrgermeister Gum in der abendlichen Gemeinderatssitzung vorschlagen, den Entwurf eines modifizierten Bebauungsplans f\u00fcr das Rathausgel\u00e4nde in Angriff zu nehmen<\/p>\n","protected":false},"excerpt":{"rendered":"<p>Gespr\u00e4ch mit B\u00fcrgermeister Gum (zeitweise in Anwesenheit des Amtsleiters Cording):<\/p>\n","protected":false},"author":1,"featured_media":0,"comment_status":"closed","ping_status":"closed","sticky":false,"template":"","format":"standard","meta":{"footnotes":""},"categories":[4],"tags":[],"class_list":["post-646","post","type-post","status-publish","format-standard","hentry","category-protokoll"],"_links":{"self":[{"href":"https:\/\/www.initiative-rathaus-seefeld.org\/index.php?rest_route=\/wp\/v2\/posts\/646","targetHints":{"allow":["GET"]}}],"collection":[{"href":"https:\/\/www.initiative-rathaus-seefeld.org\/index.php?rest_route=\/wp\/v2\/posts"}],"about":[{"href":"https:\/\/www.initiative-rathaus-seefeld.org\/index.php?rest_route=\/wp\/v2\/types\/post"}],"author":[{"embeddable":true,"href":"https:\/\/www.initiative-rathaus-seefeld.org\/index.php?rest_route=\/wp\/v2\/users\/1"}],"replies":[{"embeddable":true,"href":"https:\/\/www.initiative-rathaus-seefeld.org\/index.php?rest_route=%2Fwp%2Fv2%2Fcomments&post=646"}],"version-history":[{"count":3,"href":"https:\/\/www.initiative-rathaus-seefeld.org\/index.php?rest_route=\/wp\/v2\/posts\/646\/revisions"}],"predecessor-version":[{"id":690,"href":"https:\/\/www.initiative-rathaus-seefeld.org\/index.php?rest_route=\/wp\/v2\/posts\/646\/revisions\/690"}],"wp:attachment":[{"href":"https:\/\/www.initiative-rathaus-seefeld.org\/index.php?rest_route=%2Fwp%2Fv2%2Fmedia&parent=646"}],"wp:term":[{"taxonomy":"category","embeddable":true,"href":"https:\/\/www.initiative-rathaus-seefeld.org\/index.php?rest_route=%2Fwp%2Fv2%2Fcategories&post=646"},{"taxonomy":"post_tag","embeddable":true,"href":"https:\/\/www.initiative-rathaus-seefeld.org\/index.php?rest_route=%2Fwp%2Fv2%2Ftags&post=646"}],"curies":[{"name":"wp","href":"https:\/\/api.w.org\/{rel}","templated":true}]}}