{"id":642,"date":"2014-11-20T16:00:55","date_gmt":"2014-11-20T15:00:55","guid":{"rendered":"http:\/\/www.initiative-rathaus-seefeld.org\/?p=642"},"modified":"2014-11-26T08:37:17","modified_gmt":"2014-11-26T07:37:17","slug":"wo-ist-das-problem","status":"publish","type":"post","link":"https:\/\/www.initiative-rathaus-seefeld.org\/?p=642","title":{"rendered":"Wo ist das Problem?"},"content":{"rendered":"<p>Von B\u00fcrgermeister und Gemeinder\u00e4ten wird gerne und oft betont,<!--more--> dass im \u00f6ffentlichen Bereich alles aufgrund von Vorschriften und Fristen sehr, sehr langsam gehen muss.<\/p>\n<p>Aber vielleicht ist das <strong>nicht<\/strong> die <strong>vollst\u00e4ndige Beschreibung des Problems<\/strong>. Vielleicht ist man selbst Teil des Problems und die Hinweise auf Vorschriften dienen dazu, von der eigenen Verantwortung abzulenken.<\/p>\n<p>Augenscheinlich gibt es <strong>keine Vorschrift<\/strong>, die Gemeinde und Gemeinder\u00e4te daran hindert, die Kl\u00e4rung des Vorhabens &#8218;Sanierung Rathaus + moderner Anbau&#8216; voranzutreiben.<\/p>\n<p>Beim Beschluss zur Evakuierung des Rathauses ging es ganz fix, obwohl hier vermutlich mehr Nachdenken sinnvoll gewesen w\u00e4re. Mit dem Aufsetzen weiterer Kl\u00e4rungen tut man sich ungleich schwerer.<\/p>\n","protected":false},"excerpt":{"rendered":"<p>Von B\u00fcrgermeister und Gemeinder\u00e4ten wird gerne und oft betont,<\/p>\n","protected":false},"author":1,"featured_media":0,"comment_status":"closed","ping_status":"closed","sticky":false,"template":"","format":"standard","meta":{"footnotes":""},"categories":[1],"tags":[],"class_list":["post-642","post","type-post","status-publish","format-standard","hentry","category-informationen"],"_links":{"self":[{"href":"https:\/\/www.initiative-rathaus-seefeld.org\/index.php?rest_route=\/wp\/v2\/posts\/642","targetHints":{"allow":["GET"]}}],"collection":[{"href":"https:\/\/www.initiative-rathaus-seefeld.org\/index.php?rest_route=\/wp\/v2\/posts"}],"about":[{"href":"https:\/\/www.initiative-rathaus-seefeld.org\/index.php?rest_route=\/wp\/v2\/types\/post"}],"author":[{"embeddable":true,"href":"https:\/\/www.initiative-rathaus-seefeld.org\/index.php?rest_route=\/wp\/v2\/users\/1"}],"replies":[{"embeddable":true,"href":"https:\/\/www.initiative-rathaus-seefeld.org\/index.php?rest_route=%2Fwp%2Fv2%2Fcomments&post=642"}],"version-history":[{"count":3,"href":"https:\/\/www.initiative-rathaus-seefeld.org\/index.php?rest_route=\/wp\/v2\/posts\/642\/revisions"}],"predecessor-version":[{"id":650,"href":"https:\/\/www.initiative-rathaus-seefeld.org\/index.php?rest_route=\/wp\/v2\/posts\/642\/revisions\/650"}],"wp:attachment":[{"href":"https:\/\/www.initiative-rathaus-seefeld.org\/index.php?rest_route=%2Fwp%2Fv2%2Fmedia&parent=642"}],"wp:term":[{"taxonomy":"category","embeddable":true,"href":"https:\/\/www.initiative-rathaus-seefeld.org\/index.php?rest_route=%2Fwp%2Fv2%2Fcategories&post=642"},{"taxonomy":"post_tag","embeddable":true,"href":"https:\/\/www.initiative-rathaus-seefeld.org\/index.php?rest_route=%2Fwp%2Fv2%2Ftags&post=642"}],"curies":[{"name":"wp","href":"https:\/\/api.w.org\/{rel}","templated":true}]}}