{"id":621,"date":"2014-11-13T06:30:18","date_gmt":"2014-11-13T05:30:18","guid":{"rendered":"http:\/\/www.initiative-rathaus-seefeld.org\/?p=621"},"modified":"2014-11-16T10:36:08","modified_gmt":"2014-11-16T09:36:08","slug":"umzug-in-den-technologiepark","status":"publish","type":"post","link":"https:\/\/www.initiative-rathaus-seefeld.org\/?p=621","title":{"rendered":"Umzug in den Technologiepark"},"content":{"rendered":"<p>In der <strong>Gemeinderatssitzung am 11.11.2014<\/strong> wurde beschlossen,<!--more--> f\u00fcr 5 Jahre <strong>R\u00e4ume im Technologiepark<\/strong> anzumieten.<\/p>\n<p>Damit sind die Voraussetzungen gegeben, um das <strong>bestehende Rathaus<\/strong> im <strong>Fr\u00fchjahr 2015<\/strong> zu <strong>evakuieren<\/strong>.<\/p>\n<p>Die <strong>Monatsmiete<\/strong> (ohne Nebenkosten) bel\u00e4uft sich auf <strong>10.000 bis 13.500 \u20ac<\/strong>.<\/p>\n<p>Eine <strong>Teilauslagerung<\/strong> in den naheliegenden leerstehenden &#8218;Fristo-Laden&#8216; wurde offensichtlich in der Gemeinderatsssitzung <strong>nicht<\/strong> betrachtet.<\/p>\n<p>Wenn die Aussage des B\u00fcrgermeisters richtig ist, dass die <strong>konkreten Bauarbeiten erst in zwei Jahren beginnen<\/strong> k\u00f6nnnen, dann steht das Rathaus w\u00e4hrend der wenig l\u00e4rm- und staubemittierenden Planungsarbeiten etwa <strong>zwei Jahre leer<\/strong>.<\/p>\n<p>Quellen: S\u00fcddeutsche Zeitung vom 13.11.2014, Besuch der Gemeinderatssitzung<\/p>\n","protected":false},"excerpt":{"rendered":"<p>In der Gemeinderatssitzung am 11.11.2014 wurde beschlossen,<\/p>\n","protected":false},"author":1,"featured_media":0,"comment_status":"closed","ping_status":"closed","sticky":false,"template":"","format":"standard","meta":{"footnotes":""},"categories":[1],"tags":[],"class_list":["post-621","post","type-post","status-publish","format-standard","hentry","category-informationen"],"_links":{"self":[{"href":"https:\/\/www.initiative-rathaus-seefeld.org\/index.php?rest_route=\/wp\/v2\/posts\/621","targetHints":{"allow":["GET"]}}],"collection":[{"href":"https:\/\/www.initiative-rathaus-seefeld.org\/index.php?rest_route=\/wp\/v2\/posts"}],"about":[{"href":"https:\/\/www.initiative-rathaus-seefeld.org\/index.php?rest_route=\/wp\/v2\/types\/post"}],"author":[{"embeddable":true,"href":"https:\/\/www.initiative-rathaus-seefeld.org\/index.php?rest_route=\/wp\/v2\/users\/1"}],"replies":[{"embeddable":true,"href":"https:\/\/www.initiative-rathaus-seefeld.org\/index.php?rest_route=%2Fwp%2Fv2%2Fcomments&post=621"}],"version-history":[{"count":6,"href":"https:\/\/www.initiative-rathaus-seefeld.org\/index.php?rest_route=\/wp\/v2\/posts\/621\/revisions"}],"predecessor-version":[{"id":639,"href":"https:\/\/www.initiative-rathaus-seefeld.org\/index.php?rest_route=\/wp\/v2\/posts\/621\/revisions\/639"}],"wp:attachment":[{"href":"https:\/\/www.initiative-rathaus-seefeld.org\/index.php?rest_route=%2Fwp%2Fv2%2Fmedia&parent=621"}],"wp:term":[{"taxonomy":"category","embeddable":true,"href":"https:\/\/www.initiative-rathaus-seefeld.org\/index.php?rest_route=%2Fwp%2Fv2%2Fcategories&post=621"},{"taxonomy":"post_tag","embeddable":true,"href":"https:\/\/www.initiative-rathaus-seefeld.org\/index.php?rest_route=%2Fwp%2Fv2%2Ftags&post=621"}],"curies":[{"name":"wp","href":"https:\/\/api.w.org\/{rel}","templated":true}]}}