{"id":517,"date":"2014-10-29T22:39:17","date_gmt":"2014-10-29T21:39:17","guid":{"rendered":"http:\/\/www.initiative-rathaus-seefeld.org\/?p=517"},"modified":"2014-11-05T05:10:08","modified_gmt":"2014-11-05T04:10:08","slug":"29-oktober-2019","status":"publish","type":"post","link":"https:\/\/www.initiative-rathaus-seefeld.org\/?p=517","title":{"rendered":"29. Oktober 2019: Orientierung"},"content":{"rendered":"<p><strong>Telefongespr\u00e4ch<\/strong> mit <strong>Hermann Ramsauer<\/strong> (Gemeinderat der Gr\u00fcnen) <!--more-->\u00fcber m\u00f6gliche Schritte zur Kl\u00e4rung der &#8218;Anbau-L\u00f6sung&#8216; (Anlass: Bericht in der SZ \u00fcber die Umorientierung der &#8218;Aktionsgemeinschaft Neues Rathaus&#8216;)<\/p>\n<p><strong>Interne Abstimmung der Initiative<\/strong><\/p>\n<p>&#8211; Aufnehmen der konstruktiven Signale von Seiten der &#8218;Aktionsgemeinschaft Neues Rathaus&#8216;<br \/>\n&#8211; Verbreiten der Mitte des Jahres gemeinsam mit Fachleuten und der Gemeinde erarbeiteten Information \u00fcber die &#8218;M\u00f6glichkeit&#8216; einer Anbau-L\u00f6sung, um dem Ger\u00fccht der &#8218;Unm\u00f6glichkeit&#8216; entgegen zu wirken<\/p>\n<p>&nbsp;<\/p>\n","protected":false},"excerpt":{"rendered":"<p>Telefongespr\u00e4ch mit Hermann Ramsauer (Gemeinderat der Gr\u00fcnen)<\/p>\n","protected":false},"author":1,"featured_media":0,"comment_status":"closed","ping_status":"closed","sticky":false,"template":"","format":"standard","meta":{"footnotes":""},"categories":[4],"tags":[],"class_list":["post-517","post","type-post","status-publish","format-standard","hentry","category-protokoll"],"_links":{"self":[{"href":"https:\/\/www.initiative-rathaus-seefeld.org\/index.php?rest_route=\/wp\/v2\/posts\/517","targetHints":{"allow":["GET"]}}],"collection":[{"href":"https:\/\/www.initiative-rathaus-seefeld.org\/index.php?rest_route=\/wp\/v2\/posts"}],"about":[{"href":"https:\/\/www.initiative-rathaus-seefeld.org\/index.php?rest_route=\/wp\/v2\/types\/post"}],"author":[{"embeddable":true,"href":"https:\/\/www.initiative-rathaus-seefeld.org\/index.php?rest_route=\/wp\/v2\/users\/1"}],"replies":[{"embeddable":true,"href":"https:\/\/www.initiative-rathaus-seefeld.org\/index.php?rest_route=%2Fwp%2Fv2%2Fcomments&post=517"}],"version-history":[{"count":7,"href":"https:\/\/www.initiative-rathaus-seefeld.org\/index.php?rest_route=\/wp\/v2\/posts\/517\/revisions"}],"predecessor-version":[{"id":584,"href":"https:\/\/www.initiative-rathaus-seefeld.org\/index.php?rest_route=\/wp\/v2\/posts\/517\/revisions\/584"}],"wp:attachment":[{"href":"https:\/\/www.initiative-rathaus-seefeld.org\/index.php?rest_route=%2Fwp%2Fv2%2Fmedia&parent=517"}],"wp:term":[{"taxonomy":"category","embeddable":true,"href":"https:\/\/www.initiative-rathaus-seefeld.org\/index.php?rest_route=%2Fwp%2Fv2%2Fcategories&post=517"},{"taxonomy":"post_tag","embeddable":true,"href":"https:\/\/www.initiative-rathaus-seefeld.org\/index.php?rest_route=%2Fwp%2Fv2%2Ftags&post=517"}],"curies":[{"name":"wp","href":"https:\/\/api.w.org\/{rel}","templated":true}]}}