{"id":513,"date":"2014-10-26T21:44:23","date_gmt":"2014-10-26T20:44:23","guid":{"rendered":"http:\/\/www.initiative-rathaus-seefeld.org\/?p=513"},"modified":"2014-10-31T08:26:50","modified_gmt":"2014-10-31T07:26:50","slug":"26-oktober-2014-buergerentscheid","status":"publish","type":"post","link":"https:\/\/www.initiative-rathaus-seefeld.org\/?p=513","title":{"rendered":"26. Oktober 2014: B\u00fcrgerentscheid"},"content":{"rendered":"<p>47% der B\u00fcrger von Seefeld haben sich mit einer \u00fcberw\u00e4ltigenden Mehrheit von 67% f\u00fcr die L\u00f6sung &#8218;Sanierung + Anbau&#8216; entschieden.<\/p>\n<p>Jetzt ist die Umsetzung angesagt!<\/p>\n","protected":false},"excerpt":{"rendered":"<p>47% der B\u00fcrger von Seefeld haben sich mit einer \u00fcberw\u00e4ltigenden Mehrheit von 67% f\u00fcr die L\u00f6sung &#8218;Sanierung + Anbau&#8216; entschieden. Jetzt ist die Umsetzung angesagt!<\/p>\n","protected":false},"author":1,"featured_media":0,"comment_status":"closed","ping_status":"closed","sticky":false,"template":"","format":"standard","meta":{"footnotes":""},"categories":[4],"tags":[],"class_list":["post-513","post","type-post","status-publish","format-standard","hentry","category-protokoll"],"_links":{"self":[{"href":"https:\/\/www.initiative-rathaus-seefeld.org\/index.php?rest_route=\/wp\/v2\/posts\/513","targetHints":{"allow":["GET"]}}],"collection":[{"href":"https:\/\/www.initiative-rathaus-seefeld.org\/index.php?rest_route=\/wp\/v2\/posts"}],"about":[{"href":"https:\/\/www.initiative-rathaus-seefeld.org\/index.php?rest_route=\/wp\/v2\/types\/post"}],"author":[{"embeddable":true,"href":"https:\/\/www.initiative-rathaus-seefeld.org\/index.php?rest_route=\/wp\/v2\/users\/1"}],"replies":[{"embeddable":true,"href":"https:\/\/www.initiative-rathaus-seefeld.org\/index.php?rest_route=%2Fwp%2Fv2%2Fcomments&post=513"}],"version-history":[{"count":2,"href":"https:\/\/www.initiative-rathaus-seefeld.org\/index.php?rest_route=\/wp\/v2\/posts\/513\/revisions"}],"predecessor-version":[{"id":519,"href":"https:\/\/www.initiative-rathaus-seefeld.org\/index.php?rest_route=\/wp\/v2\/posts\/513\/revisions\/519"}],"wp:attachment":[{"href":"https:\/\/www.initiative-rathaus-seefeld.org\/index.php?rest_route=%2Fwp%2Fv2%2Fmedia&parent=513"}],"wp:term":[{"taxonomy":"category","embeddable":true,"href":"https:\/\/www.initiative-rathaus-seefeld.org\/index.php?rest_route=%2Fwp%2Fv2%2Fcategories&post=513"},{"taxonomy":"post_tag","embeddable":true,"href":"https:\/\/www.initiative-rathaus-seefeld.org\/index.php?rest_route=%2Fwp%2Fv2%2Ftags&post=513"}],"curies":[{"name":"wp","href":"https:\/\/api.w.org\/{rel}","templated":true}]}}