{"id":51,"date":"2014-07-03T17:58:23","date_gmt":"2014-07-03T15:58:23","guid":{"rendered":"http:\/\/www.initiative-rathaus-seefeld.org\/?p=51"},"modified":"2014-08-15T18:01:04","modified_gmt":"2014-08-15T16:01:04","slug":"die-ganze-planerei-und-das-viele-geld-umsonst","status":"publish","type":"post","link":"https:\/\/www.initiative-rathaus-seefeld.org\/?p=51","title":{"rendered":"Die ganze Planerei und das viele Geld umsonst?"},"content":{"rendered":"<p>Kann sein. Muss aber nicht. Die urspr\u00fcngliche \u2018Anbau-Planung\u2019 hat offensichtlich Schw\u00e4chen, ist aber eine Antwort auf die damaligen Anforderungen und die \u00f6rtlichen Rahmenbedingungen. <!--more--><\/p>\n<p>Auch der Sieger-Entwurf f\u00fcr den Neubau hat unstrittig positive Elemente: die kompakte Form, das offene Foyer, die Abbildung der Raumanforderungen&#8230; Vor der konkreten Umsetzung(splanung) sind Anpassungen notwendig und es finden\/fanden aktuell auch entsprechende Diskussionen statt s. z. B. Tiefgarage ja\/nein, Reduzierung der R\u00e4ume, um die Kosten zu senken.<\/p>\n<p>Die in der Bev\u00f6lkerung kontroversen Aspekte des Neubau-Entwurfs spielen bei einer weniger exponierten, aber nicht versteckten Lage im R\u00fcckraum des Rathauses (und bei Reduzierung um die im Altbau verbleibenden Funktionsr\u00e4ume) eine deutlich geringere Rolle.<\/p>\n","protected":false},"excerpt":{"rendered":"<p>Kann sein. Muss aber nicht. Die urspr\u00fcngliche \u2018Anbau-Planung\u2019 hat offensichtlich Schw\u00e4chen, ist aber eine Antwort auf die damaligen Anforderungen und die \u00f6rtlichen Rahmenbedingungen.<\/p>\n","protected":false},"author":1,"featured_media":0,"comment_status":"closed","ping_status":"closed","sticky":false,"template":"","format":"standard","meta":{"footnotes":""},"categories":[1],"tags":[],"class_list":["post-51","post","type-post","status-publish","format-standard","hentry","category-informationen"],"_links":{"self":[{"href":"https:\/\/www.initiative-rathaus-seefeld.org\/index.php?rest_route=\/wp\/v2\/posts\/51","targetHints":{"allow":["GET"]}}],"collection":[{"href":"https:\/\/www.initiative-rathaus-seefeld.org\/index.php?rest_route=\/wp\/v2\/posts"}],"about":[{"href":"https:\/\/www.initiative-rathaus-seefeld.org\/index.php?rest_route=\/wp\/v2\/types\/post"}],"author":[{"embeddable":true,"href":"https:\/\/www.initiative-rathaus-seefeld.org\/index.php?rest_route=\/wp\/v2\/users\/1"}],"replies":[{"embeddable":true,"href":"https:\/\/www.initiative-rathaus-seefeld.org\/index.php?rest_route=%2Fwp%2Fv2%2Fcomments&post=51"}],"version-history":[{"count":1,"href":"https:\/\/www.initiative-rathaus-seefeld.org\/index.php?rest_route=\/wp\/v2\/posts\/51\/revisions"}],"predecessor-version":[{"id":52,"href":"https:\/\/www.initiative-rathaus-seefeld.org\/index.php?rest_route=\/wp\/v2\/posts\/51\/revisions\/52"}],"wp:attachment":[{"href":"https:\/\/www.initiative-rathaus-seefeld.org\/index.php?rest_route=%2Fwp%2Fv2%2Fmedia&parent=51"}],"wp:term":[{"taxonomy":"category","embeddable":true,"href":"https:\/\/www.initiative-rathaus-seefeld.org\/index.php?rest_route=%2Fwp%2Fv2%2Fcategories&post=51"},{"taxonomy":"post_tag","embeddable":true,"href":"https:\/\/www.initiative-rathaus-seefeld.org\/index.php?rest_route=%2Fwp%2Fv2%2Ftags&post=51"}],"curies":[{"name":"wp","href":"https:\/\/api.w.org\/{rel}","templated":true}]}}