{"id":47,"date":"2014-07-07T17:55:13","date_gmt":"2014-07-07T15:55:13","guid":{"rendered":"http:\/\/www.initiative-rathaus-seefeld.org\/?p=47"},"modified":"2014-08-29T08:09:17","modified_gmt":"2014-08-29T06:09:17","slug":"die-tengelmann-frage","status":"publish","type":"post","link":"https:\/\/www.initiative-rathaus-seefeld.org\/?p=47","title":{"rendered":"Die Tengelmann-Frage"},"content":{"rendered":"<div id=\"Text101LYR\" class=\"TextObject\" style=\"font-family: Arial,Helvetica,Geneva,Sans-serif; font-size: 18px; color: #000000;\">\n<p style=\"text-align: left;\"><span style=\"font-family: Arial,Helvetica,Geneva,Sans-serif; font-size: 18px; color: #000000;\">Mittlerweile \u00fcberlagert die Frage, ob der Tengelmann-Markt im Ortszentrum gehalten werden kann, die Rathaus-Frage.<\/span><\/p>\n<p><!--more--><\/p>\n<p style=\"text-align: left;\"><span style=\"font-family: Arial,Helvetica,Geneva,Sans-serif; font-size: 18px; color: #000000;\">Alle wollen eine Versorgung im Ortszentrum. Die Spreizung der Positionen ist aber gro\u00df:<\/span><\/p>\n<p style=\"text-align: left;\"><span style=\"font-family: Arial,Helvetica,Geneva,Sans-serif; font-size: 18px; color: #000000;\">Einigen ist gleichg\u00fcltig, wo das Rathaus steht und wieviel der Neubau kostet und wie er ausschaut, Hauptsache der Tengelmann bleibt im Ortszentrum erhalten und bekommt ein Drogerieangebot dazu. <\/span><\/p>\n<p style=\"text-align: left;\"><span style=\"font-family: Arial,Helvetica,Geneva,Sans-serif; font-size: 18px; color: #000000;\">Andere halten es f\u00fcr eine Fehlentwicklung, wenn die Versorgung sich mehr und mehr auf einen Vollsortimenter konzentriert (mit entsprechender Abh\u00e4ngigkeit) und die kleineren Anbieter und ortsans\u00e4ssigen Betriebe an den Rand gedr\u00e4ngt werden. So wird das Verschwinden einiger L\u00e4den auch dem jetzigen (noch nicht erweiterten) Tengelmann zugeordnet. Sie wollen eine von der Gemeinde strukturell gef\u00f6rderte\/geplante Mischung verschiedener, kleinerer, auf ihr Segment spezialisierter Anbieter.<\/span><\/p>\n<p style=\"text-align: left;\"><span style=\"font-family: Arial,Helvetica,Geneva,Sans-serif; font-size: 18px; color: #000000;\">Wieder andere halten es f\u00fcr das Ergebnis ungeschickten Vorgehens der Gemeinde, dass Eigent\u00fcmer und Tengelmann mittlerweile nur nebenan auf dem Rathausgel\u00e4nde der Gemeinde expandieren wollen, nicht aber auf den eigenen Grundst\u00fccksfl\u00e4chen nach hinten.\u00a0 Das Beharren auf einer Expansion des Tengelmann nur auf das Rathausgel\u00e4nde kann dazu f\u00fchren, dass eine starke B\u00fcrgerbewegung wieder die Pl\u00e4ne f\u00fcr einen gro\u00dfen Discounter gegen\u00fcber dem Wertstoffhof (zentral gelegen zu Oberalting, Seefeld und Hechendorf, an der stark befahrenen Verbindungsstra\u00dfe Gilching \u2013 Herrsching) aus der Schublade holen m\u00f6chte, um eine Verengung auf diese L\u00f6sung und die Abh\u00e4ngigkeit von den Vorstellungen eines Einzelnen aufzul\u00f6sen. <\/span><\/p>\n<p style=\"text-align: left; margin-bottom: 0px;\"><span style=\"font-family: Arial,Helvetica,Geneva,Sans-serif; font-size: 18px; color: #000000;\">Noch ein Hinweis: Es wurde die Hoffnung ge\u00e4u\u00dfert, dass die Investition eines Konzerns von \u00fcber 1 Mio \u20ac in den Standort eine Art Garantie f\u00fcr den Standort bedeutet. Das mag f\u00fcr einen Mittelst\u00e4ndler zutreffen. Die Erfahrung zeigt, dass bei Konzernen das Denken ein ganz anderes ist.<\/span><\/p>\n<\/div>\n","protected":false},"excerpt":{"rendered":"<p>Mittlerweile \u00fcberlagert die Frage, ob der Tengelmann-Markt im Ortszentrum gehalten werden kann, die Rathaus-Frage.<\/p>\n","protected":false},"author":1,"featured_media":0,"comment_status":"closed","ping_status":"closed","sticky":false,"template":"","format":"standard","meta":{"footnotes":""},"categories":[1],"tags":[],"class_list":["post-47","post","type-post","status-publish","format-standard","hentry","category-informationen"],"_links":{"self":[{"href":"https:\/\/www.initiative-rathaus-seefeld.org\/index.php?rest_route=\/wp\/v2\/posts\/47","targetHints":{"allow":["GET"]}}],"collection":[{"href":"https:\/\/www.initiative-rathaus-seefeld.org\/index.php?rest_route=\/wp\/v2\/posts"}],"about":[{"href":"https:\/\/www.initiative-rathaus-seefeld.org\/index.php?rest_route=\/wp\/v2\/types\/post"}],"author":[{"embeddable":true,"href":"https:\/\/www.initiative-rathaus-seefeld.org\/index.php?rest_route=\/wp\/v2\/users\/1"}],"replies":[{"embeddable":true,"href":"https:\/\/www.initiative-rathaus-seefeld.org\/index.php?rest_route=%2Fwp%2Fv2%2Fcomments&post=47"}],"version-history":[{"count":3,"href":"https:\/\/www.initiative-rathaus-seefeld.org\/index.php?rest_route=\/wp\/v2\/posts\/47\/revisions"}],"predecessor-version":[{"id":266,"href":"https:\/\/www.initiative-rathaus-seefeld.org\/index.php?rest_route=\/wp\/v2\/posts\/47\/revisions\/266"}],"wp:attachment":[{"href":"https:\/\/www.initiative-rathaus-seefeld.org\/index.php?rest_route=%2Fwp%2Fv2%2Fmedia&parent=47"}],"wp:term":[{"taxonomy":"category","embeddable":true,"href":"https:\/\/www.initiative-rathaus-seefeld.org\/index.php?rest_route=%2Fwp%2Fv2%2Fcategories&post=47"},{"taxonomy":"post_tag","embeddable":true,"href":"https:\/\/www.initiative-rathaus-seefeld.org\/index.php?rest_route=%2Fwp%2Fv2%2Ftags&post=47"}],"curies":[{"name":"wp","href":"https:\/\/api.w.org\/{rel}","templated":true}]}}