{"id":45,"date":"2014-07-06T17:43:51","date_gmt":"2014-07-06T15:43:51","guid":{"rendered":"http:\/\/www.initiative-rathaus-seefeld.org\/?p=45"},"modified":"2017-02-23T19:18:22","modified_gmt":"2017-02-23T18:18:22","slug":"leistungsfaehiger-lebensmittelmarkt-im-zentrum","status":"publish","type":"post","link":"https:\/\/www.initiative-rathaus-seefeld.org\/?p=45","title":{"rendered":"Leistungsf\u00e4higer Lebensmittelmarkt im Zentrum"},"content":{"rendered":"<p><span style=\"color: #000000;\"><span style=\"font-family: Arial,Helvetica,Geneva,Sans-serif; font-size: 18px;\"><span style=\"color: #000000;\"><span style=\"font-family: Arial,Helvetica,Geneva,Sans-serif; font-size: 18px;\">Wir wollen einen leistungsf\u00e4higen Lebensmittelmarkt im Zentrum.<\/span><!--more--><\/span><\/span><\/span><\/p>\n<p><b><span style=\"font-weight: bold;\"><a href=\"https:\/\/www.initiative-rathaus-seefeld.org\/wp-content\/uploads\/2014\/07\/Ausschnitt-Rathaus-Seefeld+Erweiterungsmoeglichkeiten-02.jpg\"><img loading=\"lazy\" decoding=\"async\" class=\"alignnone size-medium wp-image-82\" src=\"https:\/\/www.initiative-rathaus-seefeld.org\/wp-content\/uploads\/2014\/07\/Ausschnitt-Rathaus-Seefeld+Erweiterungsmoeglichkeiten-02-288x300.jpg\" alt=\"Ausschnitt Rathaus Seefeld+Erweiterungsmoeglichkeiten 02\" width=\"288\" height=\"300\" srcset=\"https:\/\/www.initiative-rathaus-seefeld.org\/wp-content\/uploads\/2014\/07\/Ausschnitt-Rathaus-Seefeld+Erweiterungsmoeglichkeiten-02-288x300.jpg 288w, https:\/\/www.initiative-rathaus-seefeld.org\/wp-content\/uploads\/2014\/07\/Ausschnitt-Rathaus-Seefeld+Erweiterungsmoeglichkeiten-02.jpg 673w\" sizes=\"auto, (max-width: 288px) 100vw, 288px\" \/><\/a><\/span><\/b><\/p>\n<p><span style=\"font-family: Arial,Helvetica,Geneva,Sans-serif;\">Der Tengelmann-Markt hat derzeit eine Ladenfl\u00e4che von 712 m\u00b2 (Aussage Eigent\u00fcmer). Die Zielgr\u00f6\u00dfe von Tengelmann ist 1.200 m\u00b2. Wir unterst\u00fctzen deshalb eine <b><span style=\"font-weight: bold;\">Erweiterung<\/span><\/b> auf den nach hinten liegenden Grundst\u00fccksfl\u00e4chen des Eigent\u00fcmers (mit dem \u00e4lteren Einfamilienhaus, s. Variante 2).<\/span><\/p>\n<div id=\"Text45LYR\" class=\"TextObject\" style=\"font-family: Arial,Helvetica,Geneva,Sans-serif; font-size: 18px; color: #000000;\">\n<p><span style=\"font-family: Arial,Helvetica,Geneva,Sans-serif;\">Aktuell halten der Eigent\u00fcmer\/Tengelmann eine <b><span style=\"font-weight: bold;\">N\/W- Erweiterung<\/span><\/b>\u00a0 (Variante 2) <b><span style=\"font-weight: bold;\">f\u00fcr ungeeignet\/zu teuer (\u201anicht machbar\u2018), <span style=\"font-weight: normal;\">u. a. weil<br \/>\n<\/span><br \/>\n<\/span><\/b>&#8211; Infrastruktureinrichtungen wie K\u00fchlr\u00e4ume\u00a0 aufw\u00e4ndig verlegt werden m\u00fcssten<br \/>\n&#8211; die Zufahrt zu den Parkpl\u00e4tzen + Anlieferung im R\u00fcckraum nur \u00fcber\u00a0 eine verh\u00e4ltnism\u00e4\u00dfig schmale Privatstra\u00dfe m\u00f6glich ist.<\/span><\/p>\n<p><span style=\"font-family: Arial,Helvetica,Geneva,Sans-serif; font-size: 18px;\">Au\u00dferdem m\u00fcsste der <b><span style=\"font-weight: bold;\">Bebauungsplan<\/span><\/b> ge\u00e4ndert werden. Dies gilt allerdings auch bei einer Erweiterung des Lebensmittelmarkts auf dem Rathausgel\u00e4nde (und es gibt offensichtlich Nachbarn, die den intensive(re)n Parkplatzverkehr neben ihrem Grundst\u00fcck kritisch sehen).<\/span><\/p>\n<p><span style=\"font-family: Arial,Helvetica,Geneva,Sans-serif;\">Eventuell kann man bei Abw\u00e4gung des \u00f6ffentlichen Interesses die Attraktivit\u00e4t der Variante 2 erh\u00f6hen durch Mehrung des Baurechts, vielleicht in Verbindung mit einem Bau, der dem Bedarf nach seniorengerechten Wohnungen im Ortszentrum nachkommt.<\/span><\/p>\n<p><span style=\"font-family: Arial,Helvetica,Geneva,Sans-serif; font-size: 18px; color: #000000;\">Das <b><span style=\"font-weight: bold;\">Rathausgeb\u00e4ude<\/span><\/b> (ohne den Teil mit dem Sitzungssaal) soll zusammen mit dem Grundst\u00fcck ins Eigentum des pr\u00e4ferierten K\u00e4ufers \u00fcbergehen. Noch ist die <b><span style=\"font-weight: bold;\">k\u00fcnftige Nutzung unbestimmt<\/span><\/b>. Vermutlich steht aber eine Nutzungs\u00e4nderung an. Das kann dazu f\u00fchren, dass der Bestandsschutz aufgehoben und eine grunds\u00e4tzliche Aufbereitung des Geb\u00e4udes mit hohen Kosten notwendig wird (s. Kostenrisiko \u2018altes Rathaus\u2019).<\/span><\/p>\n<h5><b><span style=\"font-family: Arial,Helvetica,Geneva,Sans-serif; font-size: 18px; font-weight: bold;\">K\u00f6nnen und Wollen<\/span><\/b><\/h5>\n<p><span style=\"font-family: Arial,Helvetica,Geneva,Sans-serif; font-size: 18px;\">Bei der Erweiterung des Tengelmann\/Lebensmittelmarkts in die verschiedenen Richtungen (s. Grafik) scheint es ein <b><span style=\"font-weight: bold;\">unterschiedliches Verst\u00e4ndnis<\/span><\/b> von <b><span style=\"font-weight: bold;\">\u2018k\u00f6nnen<\/span><\/b>\u2019 und \u2018<b><span style=\"font-weight: bold;\">wollen<\/span><\/b>\u2019 zu geben.<\/span><\/p>\n<p><span style=\"font-family: Arial,Helvetica,Geneva,Sans-serif; font-size: 18px;\">Kann man einen Teil des Rathausgeb\u00e4udes mit Sitzungssaal, Aufzug, Treppenhaus, verschiedenen B\u00fcror\u00e4umen abrei\u00dfen und an dieser Stelle die Erweiterung eines Lebensmittelmarkts erstellen? <b><span style=\"font-weight: bold;\">Das kann man<\/span><\/b>! Dann <b><span style=\"font-weight: bold;\">kann<\/span><\/b> man vermutlich auch den Lebensmittelmarkt in N\/W-Richtung auf dem Gel\u00e4nde des Eigent\u00fcmers erweitern. Aber der Eigent\u00fcmer <b><span style=\"font-weight: bold;\">will<\/span><\/b> es <b><span style=\"font-weight: bold;\">nicht<\/span><\/b> (was ja auch sein gutes Recht und in seiner Position als Gesch\u00e4ftsmann v\u00f6llig schl\u00fcssig ist).<\/span><\/p>\n<p>Die letzten Wochen haben gezeigt, dass die Unterscheidung zwischen &#8218;<strong>wollen<\/strong>&#8218; und &#8218;<strong>k\u00f6nnen<\/strong>&#8218; erstaunlich schwierig ist.<\/p>\n<h5><b><span style=\"font-family: Arial,Helvetica,Geneva,Sans-serif; font-size: 18px; color: #000000; font-weight: bold;\">Grundfrage<\/span><\/b><\/h5>\n<p><span style=\"font-family: Arial,Helvetica,Geneva,Sans-serif; font-size: 18px; color: #000000;\">Die Begr\u00fcndung f\u00fcr die grunds\u00e4tzliche \u2018<b><span style=\"font-weight: bold;\">Unm\u00f6glichkeit\u2019 eines Standorts Rathausgel\u00e4nde<\/span><\/b> f\u00fcr einen modernen Verwaltungs(an)bau hat sich mittlerweile aufgel\u00f6st (warum soll man auch auf dem Rathausgel\u00e4nde die Erweiterung eines Super-Markts bauen k\u00f6nnen, aber kein B\u00fcrogeb\u00e4ude). Noch ist nicht klar, wie hoch die Kosten f\u00fcr eine funktionsgerechte Sanierung des \u2018Altbaus\u2019 bei weiterer Verwendung als Rathaus oder bei alternativer Nutzung sind. Es kann sein, dass es auf die <b><span style=\"font-weight: bold;\">Fragestellun<\/span><\/b>g hinausl\u00e4uft: \u2018Brauchen wir ein neues Rathaus f\u00fcr etwa 8 Mio \u20ac (m\u00f6glicherweise auch mehr) an einem anderen Standort, weil sonst der Tengelmann die Ladenfl\u00e4che nicht um 500 m\u00b2 erweitern kann und der Eigent\u00fcmer die Erweiterung nicht auf seinen Grundst\u00fccken, sondern nur auf dem Nachbargrundst\u00fcck durchf\u00fchren will\/kann?\u2019<br \/>\n<\/span><\/p>\n<h5><b><span style=\"font-family: Arial,Helvetica,Geneva,Sans-serif; font-size: 18px; color: #000000; font-weight: bold;\">Raum und Inhalt<\/span><\/b><\/h5>\n<p style=\"margin-bottom: 0px;\"><span style=\"font-family: Arial,Helvetica,Geneva,Sans-serif; font-size: 18px; color: #000000;\">Der gut gehende, auch von Seefeldern besuchte, inhabergef\u00fchrte Edeka-Markt in We\u00dfling hat eine Ladenfl\u00e4che von 550 m\u00b2 (Quelle: Gespr\u00e4ch mit dem Inhaber, 26.05.2014). Der REWE im Gewerbegebiet Herrsching hat eine Ladenfl\u00e4che von 750 m\u00b2, d. h. nur 38 m\u00b2 mehr als der Tengelmann in Seefeld &#8211; und der Inhaber w\u00fcrde den Laden in Seefeld auch in der jetzigen Gr\u00f6\u00dfe gerne \u00fcbernehmen (Quelle: Gespr\u00e4ch mit dem Inhaber, 07.07.2014). F\u00fcr alle gilt, dass nat\u00fcrlich mehr Ladenfl\u00e4che und mehr Parkpl\u00e4tze grunds\u00e4tzlich besser sind. Size counts, aber nicht allein!<\/span><\/p>\n<\/div>\n","protected":false},"excerpt":{"rendered":"<p>Wir wollen einen leistungsf\u00e4higen Lebensmittelmarkt im Zentrum.<\/p>\n","protected":false},"author":1,"featured_media":0,"comment_status":"closed","ping_status":"closed","sticky":false,"template":"","format":"standard","meta":{"footnotes":""},"categories":[1],"tags":[],"class_list":["post-45","post","type-post","status-publish","format-standard","hentry","category-informationen"],"_links":{"self":[{"href":"https:\/\/www.initiative-rathaus-seefeld.org\/index.php?rest_route=\/wp\/v2\/posts\/45","targetHints":{"allow":["GET"]}}],"collection":[{"href":"https:\/\/www.initiative-rathaus-seefeld.org\/index.php?rest_route=\/wp\/v2\/posts"}],"about":[{"href":"https:\/\/www.initiative-rathaus-seefeld.org\/index.php?rest_route=\/wp\/v2\/types\/post"}],"author":[{"embeddable":true,"href":"https:\/\/www.initiative-rathaus-seefeld.org\/index.php?rest_route=\/wp\/v2\/users\/1"}],"replies":[{"embeddable":true,"href":"https:\/\/www.initiative-rathaus-seefeld.org\/index.php?rest_route=%2Fwp%2Fv2%2Fcomments&post=45"}],"version-history":[{"count":7,"href":"https:\/\/www.initiative-rathaus-seefeld.org\/index.php?rest_route=\/wp\/v2\/posts\/45\/revisions"}],"predecessor-version":[{"id":935,"href":"https:\/\/www.initiative-rathaus-seefeld.org\/index.php?rest_route=\/wp\/v2\/posts\/45\/revisions\/935"}],"wp:attachment":[{"href":"https:\/\/www.initiative-rathaus-seefeld.org\/index.php?rest_route=%2Fwp%2Fv2%2Fmedia&parent=45"}],"wp:term":[{"taxonomy":"category","embeddable":true,"href":"https:\/\/www.initiative-rathaus-seefeld.org\/index.php?rest_route=%2Fwp%2Fv2%2Fcategories&post=45"},{"taxonomy":"post_tag","embeddable":true,"href":"https:\/\/www.initiative-rathaus-seefeld.org\/index.php?rest_route=%2Fwp%2Fv2%2Ftags&post=45"}],"curies":[{"name":"wp","href":"https:\/\/api.w.org\/{rel}","templated":true}]}}