{"id":422,"date":"2014-10-21T06:39:47","date_gmt":"2014-10-21T04:39:47","guid":{"rendered":"http:\/\/www.initiative-rathaus-seefeld.org\/?p=422"},"modified":"2014-10-21T06:43:55","modified_gmt":"2014-10-21T04:43:55","slug":"tengelmann-bewusst-geschaffene-alternativlosigkeit","status":"publish","type":"post","link":"https:\/\/www.initiative-rathaus-seefeld.org\/?p=422","title":{"rendered":"Tengelmann: Bewusst geschaffene Alternativlosigkeit"},"content":{"rendered":"<p>Weltweit gibt es vermutlich wenige Gemeinden, die ihr Rathaus verlegen, <!--more--> weil ein Supermarkt nicht auf dessen eigenem Grundst\u00fcck, sondern auf dem Grundst\u00fcck nebenan mit einem bestehenden Rathaus erweitern m\u00f6chte. Das kann f\u00fcr die Originalit\u00e4t der Gemeinde Seefeld sprechen. Es kann aber auch auf eine bewusst herbeigef\u00fchrte absurde Situation hindeuten.<\/p>\n<p>Der Besitzer des Tengelmann-Geb\u00e4udes w\u00e4re niemals auf den Gedanken gekommen, eine Erweiterung seines Geb\u00e4udes auf das benachbarte Rathaus-Gel\u00e4nde anzustreben (\u00f6ffentlicher Besitz, mit Geb\u00e4uden besetzt). Ihm wurde diese <strong>M\u00f6glichkeit von Seiten der Gemeinde offensiv angeboten<\/strong>*. <strong>Ohne<\/strong> dieses Angebot der Gemeinde g\u00e4be es die aktuelle <strong>Einengung auf nur eine M\u00f6glichkeit<\/strong> der Erweiterung nicht. Dann h\u00e4tte es f\u00fcr den Grundst\u00fccksbesitzer vielmehr nahe gelegen, auf dem r\u00fcckw\u00e4rtigen eigenen Gel\u00e4nde (ma\u00dfvoll) zu erweitern (f\u00fcr beide Varianten ist eine \u00c4nderung des Bebauungsplans durch die Gemeinde notwendig).<\/p>\n<p>Die von den Anh\u00e4ngern des Neubaus am Krankenhaus als gewichtiges Argument ins Feld gef\u00fchrte <strong>vermeintlich zwingende Abh\u00e4ngigkeit<\/strong> zwischen &#8218;Erweiterung des Tengelmann auf das Rathausgel\u00e4nde (mit Abriss von Sitzungssaal, Trauungszimmer und Ersetzen durch einen Gewerbebau&#8216;)&#8216; und der Drohung &#8218;Tengelmann verl\u00e4sst den Ort&#8216; wurde <strong>von der Gemeinde selbst geschaffen<\/strong>. Die Gemeinde kann planerisch auch daf\u00fcr sorgen, dass diese Abh\u00e4ngigkeit aufgel\u00f6st wird.<\/p>\n<p>*Best\u00e4tigt von B\u00fcrgermeister Gum am 16.10.2014 bei der Veranstaltung des Ratsbegehrens in Hechendorf<\/p>\n","protected":false},"excerpt":{"rendered":"<p>Weltweit gibt es vermutlich wenige Gemeinden, die ihr Rathaus verlegen,<\/p>\n","protected":false},"author":1,"featured_media":0,"comment_status":"closed","ping_status":"closed","sticky":false,"template":"","format":"standard","meta":{"footnotes":""},"categories":[1],"tags":[],"class_list":["post-422","post","type-post","status-publish","format-standard","hentry","category-informationen"],"_links":{"self":[{"href":"https:\/\/www.initiative-rathaus-seefeld.org\/index.php?rest_route=\/wp\/v2\/posts\/422","targetHints":{"allow":["GET"]}}],"collection":[{"href":"https:\/\/www.initiative-rathaus-seefeld.org\/index.php?rest_route=\/wp\/v2\/posts"}],"about":[{"href":"https:\/\/www.initiative-rathaus-seefeld.org\/index.php?rest_route=\/wp\/v2\/types\/post"}],"author":[{"embeddable":true,"href":"https:\/\/www.initiative-rathaus-seefeld.org\/index.php?rest_route=\/wp\/v2\/users\/1"}],"replies":[{"embeddable":true,"href":"https:\/\/www.initiative-rathaus-seefeld.org\/index.php?rest_route=%2Fwp%2Fv2%2Fcomments&post=422"}],"version-history":[{"count":5,"href":"https:\/\/www.initiative-rathaus-seefeld.org\/index.php?rest_route=\/wp\/v2\/posts\/422\/revisions"}],"predecessor-version":[{"id":427,"href":"https:\/\/www.initiative-rathaus-seefeld.org\/index.php?rest_route=\/wp\/v2\/posts\/422\/revisions\/427"}],"wp:attachment":[{"href":"https:\/\/www.initiative-rathaus-seefeld.org\/index.php?rest_route=%2Fwp%2Fv2%2Fmedia&parent=422"}],"wp:term":[{"taxonomy":"category","embeddable":true,"href":"https:\/\/www.initiative-rathaus-seefeld.org\/index.php?rest_route=%2Fwp%2Fv2%2Fcategories&post=422"},{"taxonomy":"post_tag","embeddable":true,"href":"https:\/\/www.initiative-rathaus-seefeld.org\/index.php?rest_route=%2Fwp%2Fv2%2Ftags&post=422"}],"curies":[{"name":"wp","href":"https:\/\/api.w.org\/{rel}","templated":true}]}}