{"id":41,"date":"2014-07-15T17:38:33","date_gmt":"2014-07-15T15:38:33","guid":{"rendered":"http:\/\/www.initiative-rathaus-seefeld.org\/?p=41"},"modified":"2014-08-15T17:48:59","modified_gmt":"2014-08-15T15:48:59","slug":"kostenrisiko-altes-rathaus-bei-der-neubauloesung-beim-krankenhaus","status":"publish","type":"post","link":"https:\/\/www.initiative-rathaus-seefeld.org\/?p=41","title":{"rendered":"Kostenrisiko \u201aaltes Rathaus\u2018  bei der Neubaul\u00f6sung (beim Krankenhaus)"},"content":{"rendered":"<div id=\"Text92LYR\" class=\"TextObject\">\n<p style=\"text-align: left;\"><span style=\"font-family: Arial,Helvetica,Geneva,Sans-serif; font-size: 18px;\">Was geschieht mit dem aktuellen\/\u2018alten\u2018 Rathaus, wenn am Krankenhaus ein neues Rathaus gebaut wird?<\/span><\/p>\n<p><!--more--><\/p>\n<p style=\"text-align: left;\"><span style=\"font-family: Arial,Helvetica,Geneva,Sans-serif; font-size: 18px;\">Abriss? Nein. Eine der <b><span style=\"font-weight: bold;\">Rahmenbedingungen<\/span><\/b> f\u00fcr die Entscheidung f\u00fcr einen Rathausneubau ist der <b><span style=\"font-weight: bold;\">Erhalt des Rathausgeb\u00e4udes<\/span><\/b> (vermindert um den Anbau mit Sitzungssaal). Als k\u00fcnftige Nutzung werden von Seiten der Gemeinde B\u00fcror\u00e4ume, Praxisr\u00e4ume, seit kurzem auch Wohnungen(mit entsprechend notwendigen Umbauma\u00dfnahmen, z. B. Aufzug), seit sehr kurzem auch die Verwendung als \u2018Vereinsheim\u2019 diskutiert.<\/span><\/p>\n<p style=\"text-align: left;\"><span style=\"font-family: Arial,Helvetica,Geneva,Sans-serif; font-size: 18px;\">Und wer tr\u00e4gt die <b><span style=\"font-weight: bold;\">Kosten f\u00fcr die Umr\u00fcstung<\/span><\/b> des aktuellen\/\u2018alten\u2018 Rathauses? Und wie sicher ist das?<\/span><\/p>\n<p style=\"text-align: left;\"><span style=\"font-family: Arial,Helvetica,Geneva,Sans-serif; font-size: 18px;\">Aktuell ist <b><span style=\"font-weight: bold;\">kein Nutzungskonzept des pr\u00e4ferierten K\u00e4ufers<\/span><\/b> von Rathausgel\u00e4nde und \u2013geb\u00e4ude bekannt, das mit Kosten f\u00fcr den notwendigen Umbau des Rathausgeb\u00e4udes unterlegt ist. Vermutlich wird es schwer sein, die Kosten f\u00fcr die Aufbereitung betriebswirtschaftlich durch den k\u00fcnftigen Ertrag aus der Nutzung des Geb\u00e4udes zu rechtfertigen.<\/span><\/p>\n<p style=\"text-align: left;\"><span style=\"font-family: Arial,Helvetica,Geneva,Sans-serif; font-size: 18px;\">Wenn nach wie vor die Pr\u00e4misse gilt, dass das (zur\u00fcckgebaute) Rathausgeb\u00e4ude erhalten und genutzt werden soll (was unmittelbar zusammenh\u00e4ngt), ist es notwendig, vor einem Neubau die k\u00fcnftige Nutzung des aktuellen\/\u2018alten\u2018 Rathausgeb\u00e4udes verl\u00e4sslich zu kl\u00e4ren und sicherzustellen, dass sowohl die vertragliche Konstruktion steht sowie die notwendigen Mittel f\u00fcr eine entsprechende Umgestaltung (entsprechend Nutzungskonzept) bereitstehen\/eingesetzt werden.<\/span><\/p>\n<p style=\"text-align: left;\"><span style=\"font-family: Arial,Helvetica,Geneva,Sans-serif; font-size: 18px;\">Was passiert, wenn sich der Erhalt des aktuellen\/\u2018alten Rathauses mittel- und langfristig f\u00fcr den K\u00e4ufer nicht rechnet?<\/span><\/p>\n<p style=\"text-align: left;\"><span style=\"font-family: Arial,Helvetica,Geneva,Sans-serif; font-size: 18px;\">Es besteht die Gefahr, dass bei nach hinten geschobener, genauerer Betrachtung\/Planung aus (nachvollziehbaren) betriebswirtschaftlichen Gr\u00fcnden keine entsprechende Investition des K\u00e4ufers in das Rathausgeb\u00e4ude erfolgt, in der Mitte des Ortes \u00fcber kurz oder lang ein ortspr\u00e4gendes, vernachl\u00e4ssigtes Geb\u00e4ude entsteht und trotz Rathausneubau erhebliche Mittel der Gemeinde f\u00fcr das aktuelle\/\u2018alte\u2018 Rathausgeb\u00e4ude notwendig werden, um eine tote Kulisse und einen Schandfleck in der Mitte des Ortes zu vermeiden. Bislang gab es eher schlechte Erfahrungen mit \u00e4lteren, grunds\u00e4tzlich erhaltenswerten Geb\u00e4uden und deren nicht-\u00f6ffentlicher Nutzung, s. Bahnhof Hechendorf, Rehmhaus und aktuell ist nicht erkennbar, woraus sich die Hoffnung im Fall Rathaus speist.<br \/>\n<\/span><\/p>\n<p style=\"text-align: left; margin-bottom: 0px;\"><span style=\"font-family: Arial,Helvetica,Geneva,Sans-serif; font-size: 18px;\"><b><span style=\"font-weight: bold;\">Also<\/span><\/b>: Bei der Vorbereitung der Neubaul\u00f6sung ist sicher zu stellen, dass der Erhalt des aktuellen\/\u2018alten\u2018 Rathauses (wenn man das noch immer m\u00f6chte) mit dem K\u00e4ufer vertraglich vereinbart und durch dessen R\u00fcckstellungen abgesichert wird oder die notwendigen Summen daf\u00fcr auf Seiten der Gemeinde den <b><span style=\"font-weight: bold;\">Kosten eines Neubaus<\/span><\/b> zugerechnet werden (und sich die Kosten f\u00fcr den Neubau entsprechend erh\u00f6hen).<\/span><\/p>\n<\/div>\n","protected":false},"excerpt":{"rendered":"<p>Was geschieht mit dem aktuellen\/\u2018alten\u2018 Rathaus, wenn am Krankenhaus ein neues Rathaus gebaut wird?<\/p>\n","protected":false},"author":1,"featured_media":0,"comment_status":"closed","ping_status":"closed","sticky":false,"template":"","format":"standard","meta":{"footnotes":""},"categories":[1],"tags":[],"class_list":["post-41","post","type-post","status-publish","format-standard","hentry","category-informationen"],"_links":{"self":[{"href":"https:\/\/www.initiative-rathaus-seefeld.org\/index.php?rest_route=\/wp\/v2\/posts\/41","targetHints":{"allow":["GET"]}}],"collection":[{"href":"https:\/\/www.initiative-rathaus-seefeld.org\/index.php?rest_route=\/wp\/v2\/posts"}],"about":[{"href":"https:\/\/www.initiative-rathaus-seefeld.org\/index.php?rest_route=\/wp\/v2\/types\/post"}],"author":[{"embeddable":true,"href":"https:\/\/www.initiative-rathaus-seefeld.org\/index.php?rest_route=\/wp\/v2\/users\/1"}],"replies":[{"embeddable":true,"href":"https:\/\/www.initiative-rathaus-seefeld.org\/index.php?rest_route=%2Fwp%2Fv2%2Fcomments&post=41"}],"version-history":[{"count":1,"href":"https:\/\/www.initiative-rathaus-seefeld.org\/index.php?rest_route=\/wp\/v2\/posts\/41\/revisions"}],"predecessor-version":[{"id":42,"href":"https:\/\/www.initiative-rathaus-seefeld.org\/index.php?rest_route=\/wp\/v2\/posts\/41\/revisions\/42"}],"wp:attachment":[{"href":"https:\/\/www.initiative-rathaus-seefeld.org\/index.php?rest_route=%2Fwp%2Fv2%2Fmedia&parent=41"}],"wp:term":[{"taxonomy":"category","embeddable":true,"href":"https:\/\/www.initiative-rathaus-seefeld.org\/index.php?rest_route=%2Fwp%2Fv2%2Fcategories&post=41"},{"taxonomy":"post_tag","embeddable":true,"href":"https:\/\/www.initiative-rathaus-seefeld.org\/index.php?rest_route=%2Fwp%2Fv2%2Ftags&post=41"}],"curies":[{"name":"wp","href":"https:\/\/api.w.org\/{rel}","templated":true}]}}