{"id":381,"date":"2014-10-09T20:00:50","date_gmt":"2014-10-09T18:00:50","guid":{"rendered":"http:\/\/www.initiative-rathaus-seefeld.org\/?p=381"},"modified":"2014-10-11T22:21:58","modified_gmt":"2014-10-11T20:21:58","slug":"sanierung-rathaus-moderner-anbau-ist-barrierefrei","status":"publish","type":"post","link":"https:\/\/www.initiative-rathaus-seefeld.org\/?p=381","title":{"rendered":"Sanierung Rathaus + moderner Anbau selbstverst\u00e4ndlich barrierefrei"},"content":{"rendered":"<p>Am 08. Oktober ist im Kreisboten ein Artikel zur ersten Veranstaltung der &#8218;Aktionsgemeinschaft Neues Rathaus&#8216; erschienen.<!--more--><\/p>\n<figure id=\"attachment_382\" aria-describedby=\"caption-attachment-382\" style=\"width: 300px\" class=\"wp-caption alignnone\"><a href=\"https:\/\/www.initiative-rathaus-seefeld.org\/wp-content\/uploads\/2014\/10\/Kreisbote-15.01.2007-001.jpg\" target=\"_blank\"><img loading=\"lazy\" decoding=\"async\" class=\"wp-image-382 size-medium\" src=\"https:\/\/www.initiative-rathaus-seefeld.org\/wp-content\/uploads\/2014\/10\/Kreisbote-15.01.2007-001-300x176.jpg\" alt=\"Kreisbote 08.10.2014\" width=\"300\" height=\"176\" srcset=\"https:\/\/www.initiative-rathaus-seefeld.org\/wp-content\/uploads\/2014\/10\/Kreisbote-15.01.2007-001-300x176.jpg 300w, https:\/\/www.initiative-rathaus-seefeld.org\/wp-content\/uploads\/2014\/10\/Kreisbote-15.01.2007-001-1024x601.jpg 1024w, https:\/\/www.initiative-rathaus-seefeld.org\/wp-content\/uploads\/2014\/10\/Kreisbote-15.01.2007-001.jpg 1835w\" sizes=\"auto, (max-width: 300px) 100vw, 300px\" \/><\/a><figcaption id=\"caption-attachment-382\" class=\"wp-caption-text\">Kreisbote 08.10.2014<\/figcaption><\/figure>\n<p>Das Hauptthema in dem Bericht ist die <strong>mangelnde Barrierefreiheit<\/strong> der L\u00f6sung Sanierung des Rathauses + Erg\u00e4nzung durch einen modernen Anbau.<\/p>\n<p><strong>Aber:<\/strong> Selbstverst\u00e4ndlich ist die <strong>L\u00f6sung Sanierung + Anbau barrierefrei<\/strong>. Da untersch\u00e4tzt man auch das Verantwortungsbewusstsein der Bauherren B\u00fcrgermeister Gum und Amtsleiter Kleber im Jahre 2006.<\/p>\n<p>Beim neugebauten modernen 600 m\u00b2-<strong>Anbau<\/strong> ist das sowieso klar. <strong>\u00d6ffentliche Geb\u00e4ude<\/strong> werden <strong>nur mehr barrierefrei errichtet<\/strong>.<\/p>\n<p>Auch die <strong>Sanierung<\/strong> sowohl von Rathaus-Villa wie der Erweiterung mit Sitzungssaal u.a.\u00a0 sollte schon nach der Planung 2006 <strong>barrierefrei<\/strong> erfolgen. So sollten alle R\u00e4ume (bis auf den Speicher) mit dem Fahrstuhl erschlossen werden.<\/p>\n<figure id=\"attachment_384\" aria-describedby=\"caption-attachment-384\" style=\"width: 300px\" class=\"wp-caption alignnone\"><a href=\"https:\/\/www.initiative-rathaus-seefeld.org\/wp-content\/uploads\/2014\/10\/Auszug-Fahrstuhl-Baubeschreibung-2006-001.jpg\" target=\"_blank\"><img loading=\"lazy\" decoding=\"async\" class=\"wp-image-384 size-medium\" src=\"https:\/\/www.initiative-rathaus-seefeld.org\/wp-content\/uploads\/2014\/10\/Auszug-Fahrstuhl-Baubeschreibung-2006-001-300x25.jpg\" alt=\"Auszug Fahrstuhl Baubeschreibung 2006 001\" width=\"300\" height=\"25\" srcset=\"https:\/\/www.initiative-rathaus-seefeld.org\/wp-content\/uploads\/2014\/10\/Auszug-Fahrstuhl-Baubeschreibung-2006-001-300x25.jpg 300w, https:\/\/www.initiative-rathaus-seefeld.org\/wp-content\/uploads\/2014\/10\/Auszug-Fahrstuhl-Baubeschreibung-2006-001-1024x86.jpg 1024w\" sizes=\"auto, (max-width: 300px) 100vw, 300px\" \/><\/a><figcaption id=\"caption-attachment-384\" class=\"wp-caption-text\">Auszug aus der Baubeschreibung der Planung 2006 zum Thema Fahrstuhl<\/figcaption><\/figure>\n<p>Im Protokoll vom 15.01.2007 wurde au\u00dferdem angeregt, dass die T\u00fcren des Fahrstuhls verbreitert werden.<\/p>\n<figure id=\"attachment_385\" aria-describedby=\"caption-attachment-385\" style=\"width: 300px\" class=\"wp-caption alignnone\"><a href=\"https:\/\/www.initiative-rathaus-seefeld.org\/wp-content\/uploads\/2014\/10\/Ergaenzung-Fahrstuhl-Protokoll-15-01-2007-001.jpg\" target=\"_blank\"><img loading=\"lazy\" decoding=\"async\" class=\"wp-image-385 size-medium\" src=\"https:\/\/www.initiative-rathaus-seefeld.org\/wp-content\/uploads\/2014\/10\/Ergaenzung-Fahrstuhl-Protokoll-15-01-2007-001-300x43.jpg\" alt=\"Auszug aus dem Bauprotokoll vom 15.01.2007\" width=\"300\" height=\"43\" srcset=\"https:\/\/www.initiative-rathaus-seefeld.org\/wp-content\/uploads\/2014\/10\/Ergaenzung-Fahrstuhl-Protokoll-15-01-2007-001-300x43.jpg 300w, https:\/\/www.initiative-rathaus-seefeld.org\/wp-content\/uploads\/2014\/10\/Ergaenzung-Fahrstuhl-Protokoll-15-01-2007-001-1024x149.jpg 1024w\" sizes=\"auto, (max-width: 300px) 100vw, 300px\" \/><\/a><figcaption id=\"caption-attachment-385\" class=\"wp-caption-text\">Auszug aus dem Bauprotokoll vom 15.01.2007<\/figcaption><\/figure>\n<p>Dar\u00fcber hinaus werden nach dieser Planung in der Rathaus-Villa die G\u00e4nge ge\u00f6ffnet und gr\u00f6\u00dfere R\u00e4ume geschaffen.<\/p>\n<figure id=\"attachment_222\" aria-describedby=\"caption-attachment-222\" style=\"width: 300px\" class=\"wp-caption alignnone\"><a href=\"https:\/\/www.initiative-rathaus-seefeld.org\/wp-content\/uploads\/2014\/08\/Planung-2006-EG-Altbau-001.jpg\" target=\"_blank\"><img loading=\"lazy\" decoding=\"async\" class=\"wp-image-222 size-medium\" src=\"https:\/\/www.initiative-rathaus-seefeld.org\/wp-content\/uploads\/2014\/08\/Planung-2006-EG-Altbau-001-300x246.jpg\" alt=\"Erdgeschoss Rathaus-Villa nach Planung 2006\" width=\"300\" height=\"246\" srcset=\"https:\/\/www.initiative-rathaus-seefeld.org\/wp-content\/uploads\/2014\/08\/Planung-2006-EG-Altbau-001-300x246.jpg 300w, https:\/\/www.initiative-rathaus-seefeld.org\/wp-content\/uploads\/2014\/08\/Planung-2006-EG-Altbau-001.jpg 1004w\" sizes=\"auto, (max-width: 300px) 100vw, 300px\" \/><\/a><figcaption id=\"caption-attachment-222\" class=\"wp-caption-text\">Erdgeschoss Rathaus-Villa nach Planung 2006<\/figcaption><\/figure>\n<p>Aber es ist lange her und da kann man sich nicht mehr an jedes Detail erinnern. Vor allem, wenn es nicht ins Konzept passt. Eine verbreitete menschliche Eigenschaft.<\/p>\n","protected":false},"excerpt":{"rendered":"<p>Am 08. Oktober ist im Kreisboten ein Artikel zur ersten Veranstaltung der &#8218;Aktionsgemeinschaft Neues Rathaus&#8216; erschienen.<\/p>\n","protected":false},"author":1,"featured_media":0,"comment_status":"closed","ping_status":"closed","sticky":false,"template":"","format":"standard","meta":{"footnotes":""},"categories":[1],"tags":[],"class_list":["post-381","post","type-post","status-publish","format-standard","hentry","category-informationen"],"_links":{"self":[{"href":"https:\/\/www.initiative-rathaus-seefeld.org\/index.php?rest_route=\/wp\/v2\/posts\/381","targetHints":{"allow":["GET"]}}],"collection":[{"href":"https:\/\/www.initiative-rathaus-seefeld.org\/index.php?rest_route=\/wp\/v2\/posts"}],"about":[{"href":"https:\/\/www.initiative-rathaus-seefeld.org\/index.php?rest_route=\/wp\/v2\/types\/post"}],"author":[{"embeddable":true,"href":"https:\/\/www.initiative-rathaus-seefeld.org\/index.php?rest_route=\/wp\/v2\/users\/1"}],"replies":[{"embeddable":true,"href":"https:\/\/www.initiative-rathaus-seefeld.org\/index.php?rest_route=%2Fwp%2Fv2%2Fcomments&post=381"}],"version-history":[{"count":10,"href":"https:\/\/www.initiative-rathaus-seefeld.org\/index.php?rest_route=\/wp\/v2\/posts\/381\/revisions"}],"predecessor-version":[{"id":402,"href":"https:\/\/www.initiative-rathaus-seefeld.org\/index.php?rest_route=\/wp\/v2\/posts\/381\/revisions\/402"}],"wp:attachment":[{"href":"https:\/\/www.initiative-rathaus-seefeld.org\/index.php?rest_route=%2Fwp%2Fv2%2Fmedia&parent=381"}],"wp:term":[{"taxonomy":"category","embeddable":true,"href":"https:\/\/www.initiative-rathaus-seefeld.org\/index.php?rest_route=%2Fwp%2Fv2%2Fcategories&post=381"},{"taxonomy":"post_tag","embeddable":true,"href":"https:\/\/www.initiative-rathaus-seefeld.org\/index.php?rest_route=%2Fwp%2Fv2%2Ftags&post=381"}],"curies":[{"name":"wp","href":"https:\/\/api.w.org\/{rel}","templated":true}]}}