{"id":367,"date":"2014-10-17T03:10:26","date_gmt":"2014-10-17T01:10:26","guid":{"rendered":"http:\/\/www.initiative-rathaus-seefeld.org\/?p=367"},"modified":"2014-10-17T07:48:16","modified_gmt":"2014-10-17T05:48:16","slug":"die-tengelmann-frage-stellt-sich-neu","status":"publish","type":"post","link":"https:\/\/www.initiative-rathaus-seefeld.org\/?p=367","title":{"rendered":"Die &#8218;Tengelmann-Frage&#8216; stellt sich neu!"},"content":{"rendered":"<p>Am 30. Juni 2015 wird <strong>Tengelmann an Edeka verkauft<\/strong> (vorbehaltlich der Zustimmung des Kartellamts; Nachricht vom 07.10.2014).<!--more--><\/p>\n<p>Damit stellt sich auch in Seefeld die &#8218;Tengelmann-Frage&#8216; neu.<br \/>\nEdeka verfolgt ein <strong>unterschiedliches<\/strong>, offensichtlich erfolgreicheres <strong>Gesch\u00e4ftsmodell<\/strong>.<\/p>\n<h5>Zitat von der Edeka-Website:<\/h5>\n<p>&#8218;Das Profil des mittelst\u00e4ndisch und genossenschaftlich gepr\u00e4gten EDEKA-Verbunds basiert auf dem erfolgreichen Zusammenspiel dreier Stufen:<\/p>\n<p>Bundesweit verleihen <strong>\u00fcber 4.000 selbstst\u00e4ndige Kaufleute<\/strong> EDEKA ein Gesicht. Sie \u00fcbernehmen auf Einzelhandelsebene die Rolle des Nahversorgers, der f\u00fcr Lebensmittelqualit\u00e4t und Genuss steht.<\/p>\n<p>Unterst\u00fctzt werden sie von <strong>sieben regionalen Gro\u00dfhandelsbetrieben<\/strong>, die t\u00e4glich frische Ware in die EDEKA-M\u00e4rkte liefern &#8230;<\/p>\n<p>Die Koordination der EDEKA-Strategie erfolgt in der Hamburger <strong>EDEKA-Zentrale&#8230;&#8216;<\/strong><\/p>\n<h5>Standort Seefeld eher sicherer geworden<\/h5>\n<p>Tengelmann wollte die <strong>Ladenfl\u00e4che<\/strong> von 712 m\u00b2 auf 1.200 m\u00b2 im Ortszentrum erweitern (mit entsprechenden Parkpl\u00e4tzen). Damit verbunden war die Drohung, ansonsten Seefeld zu verlassen.<\/p>\n<p>Keiner wei\u00df aktuell &#8211; au\u00dferhalb von Edeka &#8211; wie die weiteren Planungen von Edeka mit dem Standort Seefeld aussehen. Wir haben uns mal in der zust\u00e4ndigen Verwaltung von Edeka f\u00fcr S\u00fcdbayern nach der<strong> grunds\u00e4tzlichen Ausrichtung<\/strong> erkundigt. Eine Antwort kann in der jetzigen Situation nur recht allgemein sein.<\/p>\n<p>Wesentlich:<\/p>\n<ul>\n<li>Edeka wird einen Standort wie Seefeld nicht aufgeben<\/li>\n<li>\u00a0nat\u00fcrlich ist auch Edeka ein gr\u00f6\u00dferer Markt lieber (Anspr\u00fcche an Fl\u00e4che steigen, andere Anordnung der Regale m\u00f6glich usw.)<\/li>\n<\/ul>\n<h5>Wer will eigentlich die Erweiterung des Super-Markts auf das Rathaus-Gel\u00e4nde?<\/h5>\n<p>Herr B\u00fcrgermeister Gum hat best\u00e4tigt* was uns als Information anfangs verwundert hatte:<\/p>\n<p>Der Besitzer des Tengelmann-Geb\u00e4udes w\u00e4re <strong>niemals<\/strong> aus eigenem Antrieb auf den Gedanken gekommen, eine Erweiterung seines Geb\u00e4udes auf das benachbarte Rathaus-Gel\u00e4nde anzustreben (\u00f6ffentlicher Besitz, mit Geb\u00e4uden besetzt). Ihm wurde diese M\u00f6glichkeit <strong>von Seiten der Gemeinde offensiv angeboten<\/strong>.<\/p>\n<p>Ohne dieses Angebot der Gemeinde g\u00e4be es vielleicht die aktuelle <strong>Einengung auf nur eine M\u00f6glichkeit<\/strong> <strong>der Erweiterung<\/strong> gar <strong>nicht<\/strong>. Dann h\u00e4tte es f\u00fcr den Grundst\u00fccksbesitzer vielmehr nahe gelegen, eine <strong>M\u00f6glichkeit der (ma\u00dfvollen) Erweiterung<\/strong> auf dem <strong>r\u00fcckw\u00e4rtigen eigenen Gel\u00e4nde<\/strong> zu suchen (wobei die Gemeinde diese Absicht ortsplanerisch auch unterst\u00fctzen m\u00fcsste).<\/p>\n<p>Die von den Anh\u00e4ngern des Ratsbegehrens ins Feld gef\u00fchrte <strong>vermeintliche Abh\u00e4ngigkeit<\/strong> zwischen &#8218;<strong>Erweiterung des Tengelmann auf das Rathausgel\u00e4nde <\/strong>(mit Abriss von Sitzungssaal, Trauungszimmer und Ersetzen durch einen Gewerbebau&#8216;)&#8216; und der Drohung &#8218;<strong>Tengelmann verl\u00e4sst den Ort<\/strong>&#8218; wurde <strong>von der Gemeinde selbst geschaffen<\/strong>.<\/p>\n<p>*am 16.10.2014 bei der Veranstaltung des Ratsbegehrens in Hechendorf<\/p>\n<p>Zur <strong>&#8218;Tengelmann-Frage&#8216;<\/strong> siehe auch <a title=\"Die Tengelmann-Frage\" href=\"https:\/\/www.initiative-rathaus-seefeld.org\/?p=47\" target=\"_blank\">hier<\/a>.<\/p>\n","protected":false},"excerpt":{"rendered":"<p>Am 30. Juni 2015 wird Tengelmann an Edeka verkauft (vorbehaltlich der Zustimmung des Kartellamts; Nachricht vom 07.10.2014).<\/p>\n","protected":false},"author":1,"featured_media":0,"comment_status":"closed","ping_status":"closed","sticky":false,"template":"","format":"standard","meta":{"footnotes":""},"categories":[1],"tags":[],"class_list":["post-367","post","type-post","status-publish","format-standard","hentry","category-informationen"],"_links":{"self":[{"href":"https:\/\/www.initiative-rathaus-seefeld.org\/index.php?rest_route=\/wp\/v2\/posts\/367","targetHints":{"allow":["GET"]}}],"collection":[{"href":"https:\/\/www.initiative-rathaus-seefeld.org\/index.php?rest_route=\/wp\/v2\/posts"}],"about":[{"href":"https:\/\/www.initiative-rathaus-seefeld.org\/index.php?rest_route=\/wp\/v2\/types\/post"}],"author":[{"embeddable":true,"href":"https:\/\/www.initiative-rathaus-seefeld.org\/index.php?rest_route=\/wp\/v2\/users\/1"}],"replies":[{"embeddable":true,"href":"https:\/\/www.initiative-rathaus-seefeld.org\/index.php?rest_route=%2Fwp%2Fv2%2Fcomments&post=367"}],"version-history":[{"count":17,"href":"https:\/\/www.initiative-rathaus-seefeld.org\/index.php?rest_route=\/wp\/v2\/posts\/367\/revisions"}],"predecessor-version":[{"id":419,"href":"https:\/\/www.initiative-rathaus-seefeld.org\/index.php?rest_route=\/wp\/v2\/posts\/367\/revisions\/419"}],"wp:attachment":[{"href":"https:\/\/www.initiative-rathaus-seefeld.org\/index.php?rest_route=%2Fwp%2Fv2%2Fmedia&parent=367"}],"wp:term":[{"taxonomy":"category","embeddable":true,"href":"https:\/\/www.initiative-rathaus-seefeld.org\/index.php?rest_route=%2Fwp%2Fv2%2Fcategories&post=367"},{"taxonomy":"post_tag","embeddable":true,"href":"https:\/\/www.initiative-rathaus-seefeld.org\/index.php?rest_route=%2Fwp%2Fv2%2Ftags&post=367"}],"curies":[{"name":"wp","href":"https:\/\/api.w.org\/{rel}","templated":true}]}}