{"id":346,"date":"2014-10-03T20:19:45","date_gmt":"2014-10-03T18:19:45","guid":{"rendered":"http:\/\/www.initiative-rathaus-seefeld.org\/?p=346"},"modified":"2014-10-04T06:08:06","modified_gmt":"2014-10-04T04:08:06","slug":"partei-logos-auf-dem-informationsblatt-des-ratsbegehrens","status":"publish","type":"post","link":"https:\/\/www.initiative-rathaus-seefeld.org\/?p=346","title":{"rendered":"Partei-Logos auf dem Informationsblatt des Ratsbegehrens"},"content":{"rendered":"<p>Die <strong>\u201aInitiative Rathaus Seefeld\u2018<\/strong> war von Beginn an <strong>parteipolitisch neutral<\/strong>.<\/p>\n<p><strong>Anders<\/strong> verh\u00e4lt es sich offensichtlich <!--more-->beim <strong>Ratsbegehren<\/strong> f\u00fcr den Neubau. Auf dem Informationsblatt der &#8218;Arbeitsgemeinschaft Neues Rathaus&#8216; prangen an prominenter Stelle die <strong>Logos<\/strong> der im Gemeinderat vertretenen <strong>Parteien<\/strong> (bis auf das der Freien W\u00e4hler!). Darunter vergleichsweise <strong>klein<\/strong> die <strong>Namen<\/strong> der unterst\u00fctzenden Gemeinder\u00e4te.<\/p>\n<p><a href=\"https:\/\/www.initiative-rathaus-seefeld.org\/wp-content\/uploads\/2014\/10\/Partei-Logos-Arbeitsgemeinschaft-Neues-Rathaus.jpg\" target=\"_blank\"><img loading=\"lazy\" decoding=\"async\" class=\"alignnone wp-image-347 size-medium\" src=\"https:\/\/www.initiative-rathaus-seefeld.org\/wp-content\/uploads\/2014\/10\/Partei-Logos-Arbeitsgemeinschaft-Neues-Rathaus-254x300.jpg\" alt=\"Partei-Logos Arbeitsgemeinschaft Neues Rathaus\" width=\"254\" height=\"300\" srcset=\"https:\/\/www.initiative-rathaus-seefeld.org\/wp-content\/uploads\/2014\/10\/Partei-Logos-Arbeitsgemeinschaft-Neues-Rathaus-254x300.jpg 254w, https:\/\/www.initiative-rathaus-seefeld.org\/wp-content\/uploads\/2014\/10\/Partei-Logos-Arbeitsgemeinschaft-Neues-Rathaus.jpg 467w\" sizes=\"auto, (max-width: 254px) 100vw, 254px\" \/><\/a><\/p>\n<p>Die Gemeinder\u00e4te einzelner Fraktionen unterst\u00fctzen das Ratsbegehren. Das ist ihr gutes Recht.<\/p>\n<p>Die Verwendung des Logos des Ortsvereins der <strong>SPD<\/strong> erfolgte allerdings <strong>ohne jede R\u00fccksprache mit dem Ortsverein<\/strong> und ist <strong>durch keinerlei Beschluss legitimiert<\/strong>. Mitglieder des Ortsvereins der SPD, auch des Vorstands, arbeiten wie die Mitglieder anderer politischer Gruppierungen aktiv beim B\u00fcrgerbegehren mit. Entsprechend hat diese <strong>missbr\u00e4uchliche und irref\u00fchrende Verwendung des Partei-Logos<\/strong> zu heftigen internen Reaktionen gef\u00fchrt.<\/p>\n<p>Eine \u00e4hnlich kontroverse Diskussion gibt es beim <strong>BVS<\/strong>, dem &#8218;<strong>B\u00fcrgerverein Seefeld<\/strong>&#8218;, einst mit Gemeinderat Noller an der Spitze eine Bastion gegen Vewaltungswillk\u00fcr und Machtmissbrauch.<\/p>\n<h5>Repr\u00e4sentativit\u00e4t des Gemeinderats<\/h5>\n<p>Unabh\u00e4ngig von der konkreten Frage des Rathausneubaus wird der Gemeinderat durch dieses Wagenburg-Verhalten seiner grunds\u00e4tzlichen Funktion nicht gerecht. Offensichtlich werden <strong>wesentliche Teile der B\u00fcrger und deren Ansichten<\/strong> durch diesen Gemeinderat <strong>nicht mehr vertreten<\/strong>.<\/p>\n<p>Dieses <strong>Schlie\u00dfen der Reihen gegen\u00fcber Str\u00f6mungen in der Bev\u00f6lkerung<\/strong> verhindert kritische Fragen innerhalb des Gemeinderats (die es bei allen gr\u00f6\u00dferen Projekten gibt oder geben sollte) und macht den Gemeinderat zur PR-Agentur der Verwaltung.<\/p>\n","protected":false},"excerpt":{"rendered":"<p>Die \u201aInitiative Rathaus Seefeld\u2018 war von Beginn an parteipolitisch neutral. Anders verh\u00e4lt es sich offensichtlich<\/p>\n","protected":false},"author":1,"featured_media":0,"comment_status":"closed","ping_status":"closed","sticky":false,"template":"","format":"standard","meta":{"footnotes":""},"categories":[1],"tags":[],"class_list":["post-346","post","type-post","status-publish","format-standard","hentry","category-informationen"],"_links":{"self":[{"href":"https:\/\/www.initiative-rathaus-seefeld.org\/index.php?rest_route=\/wp\/v2\/posts\/346","targetHints":{"allow":["GET"]}}],"collection":[{"href":"https:\/\/www.initiative-rathaus-seefeld.org\/index.php?rest_route=\/wp\/v2\/posts"}],"about":[{"href":"https:\/\/www.initiative-rathaus-seefeld.org\/index.php?rest_route=\/wp\/v2\/types\/post"}],"author":[{"embeddable":true,"href":"https:\/\/www.initiative-rathaus-seefeld.org\/index.php?rest_route=\/wp\/v2\/users\/1"}],"replies":[{"embeddable":true,"href":"https:\/\/www.initiative-rathaus-seefeld.org\/index.php?rest_route=%2Fwp%2Fv2%2Fcomments&post=346"}],"version-history":[{"count":6,"href":"https:\/\/www.initiative-rathaus-seefeld.org\/index.php?rest_route=\/wp\/v2\/posts\/346\/revisions"}],"predecessor-version":[{"id":355,"href":"https:\/\/www.initiative-rathaus-seefeld.org\/index.php?rest_route=\/wp\/v2\/posts\/346\/revisions\/355"}],"wp:attachment":[{"href":"https:\/\/www.initiative-rathaus-seefeld.org\/index.php?rest_route=%2Fwp%2Fv2%2Fmedia&parent=346"}],"wp:term":[{"taxonomy":"category","embeddable":true,"href":"https:\/\/www.initiative-rathaus-seefeld.org\/index.php?rest_route=%2Fwp%2Fv2%2Fcategories&post=346"},{"taxonomy":"post_tag","embeddable":true,"href":"https:\/\/www.initiative-rathaus-seefeld.org\/index.php?rest_route=%2Fwp%2Fv2%2Ftags&post=346"}],"curies":[{"name":"wp","href":"https:\/\/api.w.org\/{rel}","templated":true}]}}