{"id":308,"date":"2014-10-11T11:16:46","date_gmt":"2014-10-11T09:16:46","guid":{"rendered":"http:\/\/www.initiative-rathaus-seefeld.org\/?p=308"},"modified":"2014-10-14T00:17:00","modified_gmt":"2014-10-13T22:17:00","slug":"wie-funktioniert-das-mit-dem-buergerentscheid-am-26-oktober","status":"publish","type":"post","link":"https:\/\/www.initiative-rathaus-seefeld.org\/?p=308","title":{"rendered":"Wie funktioniert das mit dem B\u00fcrgerentscheid am 26. Oktober?"},"content":{"rendered":"<p>Der <strong>B\u00fcrgerentscheid<\/strong> wird organisiert <strong>wie eine Wahl <\/strong>(zu Bundestag, Landtag &#8230; ).<!--more--> Die Organisation wird durch die Gemeinde durchgef\u00fchrt.<\/p>\n<p>Die Wahlberechtigten haben eine Wahlbenachrichtigung bekommen mit Angabe ihres Wahllokals und auch der M\u00f6glichkeit der Briefwahl.<\/p>\n<p>Hintergrund in <a href=\"http:\/\/www.gesetze-bayern.de\/jportal\/portal\/page\/bsbayprod.psml?nid=s&amp;showdoccase=1&amp;doc.id=jlr-GemOBY1998V11Art18a\" target=\"_blank\">Artikel 18A der Gemeindeordnung<\/a>.<\/p>\n<p>Die <strong>Bekanntmachung<\/strong> auf der <strong>Website der Gemeinde<\/strong> (mit Muster des Stimmzettels) finden Sie <a href=\"http:\/\/www.seefeld.de\/wp-content\/uploads\/2013\/12\/Abstimmungsbekanntmachung-f%C3%BCr-die-B%C3%BCrgerentscheide.pdf\" target=\"_blank\">hier<\/a>.<\/p>\n<h5>Verwirrung<\/h5>\n<p>Der <strong>Stimmzettel<\/strong> ist schon etwas verwirrend. Darum haben auch beide Seiten &#8218;Ausf\u00fcllhilfen&#8216; in ihrem Sinne ver\u00f6ffentlicht.<\/p>\n<p>Verwirrend ist teilweise aber auch die aktuelle <strong>Diskussion<\/strong>. In der Diskussion waren und sind noch andere <strong>Gestaltungsvarianten<\/strong>: Auslagerung eines Teils der Verwaltung nach Hechendorf, ins alte Rathaus oder in den Bahnhof, Technologiepark, Standort an der Ulrich-Haid-Stra\u00dfe usw. usw. Alle diese Varianten haben Vor- und Nachteile, nur <strong>sie stehen nicht (mehr) zur Entscheidung<\/strong>. Wenn man das ernsthaft gewollt h\u00e4tte, so h\u00e4tte man die Unterschriften f\u00fcr ein B\u00fcrgerbegehren sammeln k\u00f6nnen und m\u00fcssen. Dazu war Zeit seit Mai diesen Jahres. <strong>Jetzt<\/strong> bleibt die <strong>Entscheidung<\/strong>: &#8218;Neubau am Krankenhaus&#8216; oder &#8218;Sanierung Rathaus + moderner Anbau&#8216;. Und dann sollte endlich auch gebaut werden!<\/p>\n","protected":false},"excerpt":{"rendered":"<p>Der B\u00fcrgerentscheid wird organisiert wie eine Wahl (zu Bundestag, Landtag &#8230; ).<\/p>\n","protected":false},"author":1,"featured_media":0,"comment_status":"closed","ping_status":"closed","sticky":false,"template":"","format":"standard","meta":{"footnotes":""},"categories":[1],"tags":[],"class_list":["post-308","post","type-post","status-publish","format-standard","hentry","category-informationen"],"_links":{"self":[{"href":"https:\/\/www.initiative-rathaus-seefeld.org\/index.php?rest_route=\/wp\/v2\/posts\/308","targetHints":{"allow":["GET"]}}],"collection":[{"href":"https:\/\/www.initiative-rathaus-seefeld.org\/index.php?rest_route=\/wp\/v2\/posts"}],"about":[{"href":"https:\/\/www.initiative-rathaus-seefeld.org\/index.php?rest_route=\/wp\/v2\/types\/post"}],"author":[{"embeddable":true,"href":"https:\/\/www.initiative-rathaus-seefeld.org\/index.php?rest_route=\/wp\/v2\/users\/1"}],"replies":[{"embeddable":true,"href":"https:\/\/www.initiative-rathaus-seefeld.org\/index.php?rest_route=%2Fwp%2Fv2%2Fcomments&post=308"}],"version-history":[{"count":10,"href":"https:\/\/www.initiative-rathaus-seefeld.org\/index.php?rest_route=\/wp\/v2\/posts\/308\/revisions"}],"predecessor-version":[{"id":410,"href":"https:\/\/www.initiative-rathaus-seefeld.org\/index.php?rest_route=\/wp\/v2\/posts\/308\/revisions\/410"}],"wp:attachment":[{"href":"https:\/\/www.initiative-rathaus-seefeld.org\/index.php?rest_route=%2Fwp%2Fv2%2Fmedia&parent=308"}],"wp:term":[{"taxonomy":"category","embeddable":true,"href":"https:\/\/www.initiative-rathaus-seefeld.org\/index.php?rest_route=%2Fwp%2Fv2%2Fcategories&post=308"},{"taxonomy":"post_tag","embeddable":true,"href":"https:\/\/www.initiative-rathaus-seefeld.org\/index.php?rest_route=%2Fwp%2Fv2%2Ftags&post=308"}],"curies":[{"name":"wp","href":"https:\/\/api.w.org\/{rel}","templated":true}]}}