{"id":281,"date":"2014-09-05T10:55:18","date_gmt":"2014-09-05T08:55:18","guid":{"rendered":"http:\/\/www.initiative-rathaus-seefeld.org\/?p=281"},"modified":"2014-09-05T11:05:55","modified_gmt":"2014-09-05T09:05:55","slug":"wem-gehoert-der-parkplatz-hinter-dem-rathaus","status":"publish","type":"post","link":"https:\/\/www.initiative-rathaus-seefeld.org\/?p=281","title":{"rendered":"Wem geh\u00f6rt der Parkplatz hinter dem Rathaus?"},"content":{"rendered":"<p>Ein offensichtlich verbreiteter Irrtum ist, dass der<strong> Parkplatz hinter dem Rathaus <\/strong>gar nicht<!--more--> der Gemeinde, sondern dem Eigent\u00fcmer des Tengelmann-Geb\u00e4udes geh\u00f6rt. Das w\u00fcrde bedeuten, dass man ohne Zustimmung des Eigent\u00fcmers des Tengelmann-Geb\u00e4udes gar keinen Rathaus-Anbau erstellen k\u00f6nnte. <strong>Das ist falsch!<\/strong><\/p>\n<p>Das Gel\u00e4nde hinter dem Rathaus (aktuell als Parkplatz genutzt) geh\u00f6rt der Gemeinde.<\/p>\n<p><a href=\"https:\/\/www.initiative-rathaus-seefeld.org\/wp-content\/uploads\/2014\/09\/Ausschnitt_Eigentumsverhaeltnisse_Rathausgelaende.jpg\" target=\"_blank\"><img loading=\"lazy\" decoding=\"async\" class=\"alignnone size-medium wp-image-285\" src=\"https:\/\/www.initiative-rathaus-seefeld.org\/wp-content\/uploads\/2014\/09\/Ausschnitt_Eigentumsverhaeltnisse_Rathausgelaende-300x152.jpg\" alt=\"Ausschnitt_Eigentumsverhaeltnisse_Rathausgelaende\" width=\"300\" height=\"152\" srcset=\"https:\/\/www.initiative-rathaus-seefeld.org\/wp-content\/uploads\/2014\/09\/Ausschnitt_Eigentumsverhaeltnisse_Rathausgelaende-300x152.jpg 300w, https:\/\/www.initiative-rathaus-seefeld.org\/wp-content\/uploads\/2014\/09\/Ausschnitt_Eigentumsverhaeltnisse_Rathausgelaende.jpg 932w\" sizes=\"auto, (max-width: 300px) 100vw, 300px\" \/><\/a><\/p>\n<p>F\u00fcr dieses Gel\u00e4nde wurde 2006 auch ein noch immer g\u00fcltiger Bebauungsplan f\u00fcr einen Rathaus-Anbau erstellt (s. <a title=\"Wie sieht es mit dem Bebauungsplan aus?\" href=\"https:\/\/www.initiative-rathaus-seefeld.org\/?p=37\" target=\"_blank\">Ausschnitt<\/a>).<\/p>\n<p>P.S.: Hintergrund dieses Irrtums sind vermutlich missverst\u00e4ndliche Presseartikel \u00fcber &#8218;k\u00f6nnen&#8216; und &#8218;wollen&#8216; des Eigent\u00fcmers des Tengelmann-Gel\u00e4ndes.<\/p>\n","protected":false},"excerpt":{"rendered":"<p>Ein offensichtlich verbreiteter Irrtum ist, dass der Parkplatz hinter dem Rathaus gar nicht<\/p>\n","protected":false},"author":1,"featured_media":0,"comment_status":"closed","ping_status":"closed","sticky":false,"template":"","format":"standard","meta":{"footnotes":""},"categories":[1],"tags":[],"class_list":["post-281","post","type-post","status-publish","format-standard","hentry","category-informationen"],"_links":{"self":[{"href":"https:\/\/www.initiative-rathaus-seefeld.org\/index.php?rest_route=\/wp\/v2\/posts\/281","targetHints":{"allow":["GET"]}}],"collection":[{"href":"https:\/\/www.initiative-rathaus-seefeld.org\/index.php?rest_route=\/wp\/v2\/posts"}],"about":[{"href":"https:\/\/www.initiative-rathaus-seefeld.org\/index.php?rest_route=\/wp\/v2\/types\/post"}],"author":[{"embeddable":true,"href":"https:\/\/www.initiative-rathaus-seefeld.org\/index.php?rest_route=\/wp\/v2\/users\/1"}],"replies":[{"embeddable":true,"href":"https:\/\/www.initiative-rathaus-seefeld.org\/index.php?rest_route=%2Fwp%2Fv2%2Fcomments&post=281"}],"version-history":[{"count":5,"href":"https:\/\/www.initiative-rathaus-seefeld.org\/index.php?rest_route=\/wp\/v2\/posts\/281\/revisions"}],"predecessor-version":[{"id":287,"href":"https:\/\/www.initiative-rathaus-seefeld.org\/index.php?rest_route=\/wp\/v2\/posts\/281\/revisions\/287"}],"wp:attachment":[{"href":"https:\/\/www.initiative-rathaus-seefeld.org\/index.php?rest_route=%2Fwp%2Fv2%2Fmedia&parent=281"}],"wp:term":[{"taxonomy":"category","embeddable":true,"href":"https:\/\/www.initiative-rathaus-seefeld.org\/index.php?rest_route=%2Fwp%2Fv2%2Fcategories&post=281"},{"taxonomy":"post_tag","embeddable":true,"href":"https:\/\/www.initiative-rathaus-seefeld.org\/index.php?rest_route=%2Fwp%2Fv2%2Ftags&post=281"}],"curies":[{"name":"wp","href":"https:\/\/api.w.org\/{rel}","templated":true}]}}