{"id":180,"date":"2014-08-20T05:00:14","date_gmt":"2014-08-20T03:00:14","guid":{"rendered":"http:\/\/www.initiative-rathaus-seefeld.org\/?p=180"},"modified":"2014-08-21T05:59:50","modified_gmt":"2014-08-21T03:59:50","slug":"sanierung-des-rathauses","status":"publish","type":"post","link":"https:\/\/www.initiative-rathaus-seefeld.org\/?p=180","title":{"rendered":"Sanierung des Rathauses"},"content":{"rendered":"<p>Sowohl B\u00fcrger- wie Ratsbegehren gehen vom <strong>Erhalt des bestehenden Rathauses<\/strong> bzw. <strong>eines Teils<\/strong> davon aus.<!--more--><\/p>\n<p>Das B\u00fcrgerbegehren strebt den Erhalt von \u201aRathaus-Villa\u2018 + \u201aErste Erweiterung\u2018 an, das Ratsbegehren den Erhalt der \u201aRathaus-Villa\u2018.<\/p>\n<p>Im Vorfeld gab es unterschiedliche Einsch\u00e4tzungen, welche Ma\u00dfnahmen in unterschied\u00adlichen Konstellationen aus (bau)<strong>rechtlichen<\/strong> (nicht politischen!) <strong>Gr\u00fcnden<\/strong> jeweils vorge\u00adnommen werden <strong>m\u00fcssen<\/strong>.<\/p>\n<p>Am 13. 08. 2014 hat ein Kl\u00e4rungsgespr\u00e4ch u. a. mit Herrn Sinning vom Landratsamt Starnberg stattgefunden (s. <a href=\"https:\/\/www.initiative-rathaus-seefeld.org\/wp-content\/uploads\/2014\/08\/Sanierung-Rathaus-02.pdf\">Sanierung Rathaus 02<\/a>).<\/p>\n<h5>Bei Erhalt des Rathauses als Rathaus kann der Altbau funktionsangemessen saniert werden<\/h5>\n<p>Grunds\u00e4tzlich gilt f\u00fcr das Rathaus<strong> Bestandsschutz<\/strong>, d. h. keine notwendige Sanierung, wenn keine (Nutzungs-)\u00c4nderung.<br class=\"clear\" \/><br \/>\nEs handelt sich beim Rathaus zwar nicht um ein denkmalgesch\u00fctztes, aber um ein <strong>ortsbildpr\u00e4gendes Geb\u00e4ude<\/strong>. Das erm\u00f6glicht auch bei \u00c4nderungen \u201aAusnahmen\u2018 (z. B. bei der D\u00e4mmung), die den Charakter erhalten.<\/p>\n<h5>Bei einer Nutzungs\u00e4nderung des (historischen) Rathausgeb\u00e4udes muss generalsaniert werden<\/h5>\n<p>Bei einer Nutzung des Rathausgeb\u00e4udes <strong>nicht<\/strong> als Rathaus ist davon auszugehen, dass es sich um eine <strong>Nutzungs\u00e4nderung<\/strong> handelt.<\/p>\n<p>Insofern gelten die jeweils <strong>aktuellen gesetzlichen Rahmenbedingungen<\/strong> (mit neuer Baugenehmigung usw.). Dies gilt umso mehr als die derzeit integrierte \u201aErste Erweiterung\u2018 (mit dem Sitzungssaal) abgerissen wird und eine g\u00e4nzlich neue Situation geschaffen wird.<br class=\"clear\" \/><br \/>\nDabei ist es grunds\u00e4tzlich <strong>gleichg\u00fcltig<\/strong>, ob die Ma\u00dfnahmen durch die <strong>Gemeinde<\/strong> oder eine <strong>Privatperson\/-organisation<\/strong> (z. B. Verein) vorgenommen werden.<\/p>\n<h5><strong>Erfahrungswerte bez\u00fcglich der Kosten<\/strong><\/h5>\n<p><strong>Grunds\u00e4tzlich<\/strong> kann man von folgenden <strong>%-S\u00e4tzen<\/strong> ausgehen:<\/p>\n<p><strong>Sanierung Altbau<\/strong> <strong>70 \u2013 80%<\/strong> der Baukosten f\u00fcr einen <strong>Neubau<\/strong><\/p>\n<p><strong>Kostenposition von Vereinen\/Privaten ~ 25%<\/strong> <strong>g\u00fcnstiger<\/strong> als Kommune, weil<br \/>\nminus 10% durch Nachverhandeln<br \/>\nminus 10% bis 15% durch Hand- und Spanndienste (Reinigung usw.)<\/p>\n<h5>Zukunft des Rathauses bei der Neubaul\u00f6sung?<\/h5>\n<p>Bei der <strong>Anbaul\u00f6sung<\/strong> ist es einfach: Rathaus bleibt Rathaus, nur besser.<\/p>\n<p>Bei der <strong>Neubaul\u00f6sung ist<\/strong> es etwas komplizierter. Das <strong>Ratsbegehren<\/strong> will &#8218;<span style=\"font-family: Arial,Helvetica,Geneva,Sans-serif;\"><strong>den historischen Bestand des derzeitigen Rathauses erhalten<\/strong>&#8218;. <\/span>Aktuell ist allerdings <strong>unklar<\/strong>, was das bedeutet.<\/p>\n<p>Wird das Rathaus <strong>verkauft<\/strong> oder verbleibt es <strong>im Eigentum<\/strong> der Gemeinde und wird <strong>vermietet<\/strong> (Modell &#8218;Vereinsheim&#8216;)?<\/p>\n<p>Wie schaut das jeweilige <strong>Nutzungskonzept<\/strong> (mit Auswirkung auf die bauliche (Um)Gestaltung) aus?<\/p>\n<p>Gibt es irgendeine <strong>Vereinbarung<\/strong> mit einem m\u00f6glichen K\u00e4ufer (Vorvertrag o.\u00e4.)?<\/p>\n<p>Gibt es \u00fcberhaupt Vorstellungen und M\u00f6glichkeiten, wie man einen m\u00f6glichen K\u00e4ufer zum l\u00e4ngerfristigen &#8218;Erhalt des historischen Bestands&#8216; <strong>verpflichten<\/strong> kann?<\/p>\n<p>Und was <strong>kostet<\/strong> das?<\/p>\n<p>Derzeitiger Eindruck der <strong>Vorgehensweise<\/strong>: Jetzt schauen wir erst mal, dass wir mit dem Bauen am Krankenhaus anfangen k\u00f6nnen. Anschlie\u00dfend werden wir den Rest schon irgendwie hinbekommen. Das interessiert dann auch nicht mehr, und wenn, dann man kann sowieso nichts mehr \u00e4ndern. Und vermutlich hat man Recht.<\/p>\n","protected":false},"excerpt":{"rendered":"<p>Sowohl B\u00fcrger- wie Ratsbegehren gehen vom Erhalt des bestehenden Rathauses bzw. eines Teils davon aus.<\/p>\n","protected":false},"author":1,"featured_media":0,"comment_status":"closed","ping_status":"closed","sticky":false,"template":"","format":"standard","meta":{"footnotes":""},"categories":[1],"tags":[],"class_list":["post-180","post","type-post","status-publish","format-standard","hentry","category-informationen"],"_links":{"self":[{"href":"https:\/\/www.initiative-rathaus-seefeld.org\/index.php?rest_route=\/wp\/v2\/posts\/180","targetHints":{"allow":["GET"]}}],"collection":[{"href":"https:\/\/www.initiative-rathaus-seefeld.org\/index.php?rest_route=\/wp\/v2\/posts"}],"about":[{"href":"https:\/\/www.initiative-rathaus-seefeld.org\/index.php?rest_route=\/wp\/v2\/types\/post"}],"author":[{"embeddable":true,"href":"https:\/\/www.initiative-rathaus-seefeld.org\/index.php?rest_route=\/wp\/v2\/users\/1"}],"replies":[{"embeddable":true,"href":"https:\/\/www.initiative-rathaus-seefeld.org\/index.php?rest_route=%2Fwp%2Fv2%2Fcomments&post=180"}],"version-history":[{"count":16,"href":"https:\/\/www.initiative-rathaus-seefeld.org\/index.php?rest_route=\/wp\/v2\/posts\/180\/revisions"}],"predecessor-version":[{"id":207,"href":"https:\/\/www.initiative-rathaus-seefeld.org\/index.php?rest_route=\/wp\/v2\/posts\/180\/revisions\/207"}],"wp:attachment":[{"href":"https:\/\/www.initiative-rathaus-seefeld.org\/index.php?rest_route=%2Fwp%2Fv2%2Fmedia&parent=180"}],"wp:term":[{"taxonomy":"category","embeddable":true,"href":"https:\/\/www.initiative-rathaus-seefeld.org\/index.php?rest_route=%2Fwp%2Fv2%2Fcategories&post=180"},{"taxonomy":"post_tag","embeddable":true,"href":"https:\/\/www.initiative-rathaus-seefeld.org\/index.php?rest_route=%2Fwp%2Fv2%2Ftags&post=180"}],"curies":[{"name":"wp","href":"https:\/\/api.w.org\/{rel}","templated":true}]}}