{"id":128,"date":"2014-06-17T17:37:50","date_gmt":"2014-06-17T15:37:50","guid":{"rendered":"http:\/\/www.initiative-rathaus-seefeld.org\/?p=128"},"modified":"2014-08-16T17:39:58","modified_gmt":"2014-08-16T15:39:58","slug":"anzahl-der-verwaltungsmitarbeiter","status":"publish","type":"post","link":"https:\/\/www.initiative-rathaus-seefeld.org\/?p=128","title":{"rendered":"Anzahl der Verwaltungsmitarbeiter"},"content":{"rendered":"<div id=\"Text90LYR\" class=\"TextObject\" style=\"font-family: Arial,Helvetica,Geneva,Sans-serif; font-size: 18px; color: #000000;\">\n<p><span style=\"font-family: Arial,Helvetica,Geneva,Sans-serif; font-size: 18px; color: #000000;\">In unserem Anschreiben zum B\u00fcrgerbegehren ist von \u2018weniger als 20 Mitarbeitern\u2019 der Gemeindeverwaltung die Rede. <!--more--><\/span><\/p>\n<p>Dies war die Zahl, die auch in den Kl\u00e4rungsgespr\u00e4chen vorab immer wieder best\u00e4tigt wurde.<\/p>\n<p><span style=\"font-family: Arial,Helvetica,Geneva,Sans-serif; font-size: 18px; color: #000000;\">Im M\u00fcnchner Merkur vom 17.06.2014 wird Frau Friedrich, Leiterin des Bauamts, mit der Aussage zitiert, dass \u2018im Rathaus derzeit 24 Stellen besetzt\u2019 sind. Das \u00e4ndert zwar wenig an der Gesamtsituation. Ungeachtet dessen: Wir bedauern diesen Irrtum.<\/span><\/p>\n<p style=\"margin-bottom: 0px;\"><span style=\"font-family: Arial,Helvetica,Geneva,Sans-serif; font-size: 18px; color: #000000;\">Noch richtiger scheint zu sein, dass es in der Verwaltung unter 20 Vollzeitstellen gibt, die aber von mehr als 20 Mitarbeitern (einschlie\u00dflich der Teilzeitmitarbeiter) besetzt sind.<\/span><\/p>\n<\/div>\n","protected":false},"excerpt":{"rendered":"<p>In unserem Anschreiben zum B\u00fcrgerbegehren ist von \u2018weniger als 20 Mitarbeitern\u2019 der Gemeindeverwaltung die Rede.<\/p>\n","protected":false},"author":1,"featured_media":0,"comment_status":"closed","ping_status":"closed","sticky":false,"template":"","format":"standard","meta":{"footnotes":""},"categories":[1],"tags":[],"class_list":["post-128","post","type-post","status-publish","format-standard","hentry","category-informationen"],"_links":{"self":[{"href":"https:\/\/www.initiative-rathaus-seefeld.org\/index.php?rest_route=\/wp\/v2\/posts\/128","targetHints":{"allow":["GET"]}}],"collection":[{"href":"https:\/\/www.initiative-rathaus-seefeld.org\/index.php?rest_route=\/wp\/v2\/posts"}],"about":[{"href":"https:\/\/www.initiative-rathaus-seefeld.org\/index.php?rest_route=\/wp\/v2\/types\/post"}],"author":[{"embeddable":true,"href":"https:\/\/www.initiative-rathaus-seefeld.org\/index.php?rest_route=\/wp\/v2\/users\/1"}],"replies":[{"embeddable":true,"href":"https:\/\/www.initiative-rathaus-seefeld.org\/index.php?rest_route=%2Fwp%2Fv2%2Fcomments&post=128"}],"version-history":[{"count":1,"href":"https:\/\/www.initiative-rathaus-seefeld.org\/index.php?rest_route=\/wp\/v2\/posts\/128\/revisions"}],"predecessor-version":[{"id":129,"href":"https:\/\/www.initiative-rathaus-seefeld.org\/index.php?rest_route=\/wp\/v2\/posts\/128\/revisions\/129"}],"wp:attachment":[{"href":"https:\/\/www.initiative-rathaus-seefeld.org\/index.php?rest_route=%2Fwp%2Fv2%2Fmedia&parent=128"}],"wp:term":[{"taxonomy":"category","embeddable":true,"href":"https:\/\/www.initiative-rathaus-seefeld.org\/index.php?rest_route=%2Fwp%2Fv2%2Fcategories&post=128"},{"taxonomy":"post_tag","embeddable":true,"href":"https:\/\/www.initiative-rathaus-seefeld.org\/index.php?rest_route=%2Fwp%2Fv2%2Ftags&post=128"}],"curies":[{"name":"wp","href":"https:\/\/api.w.org\/{rel}","templated":true}]}}