{"id":104,"date":"2014-07-22T09:33:47","date_gmt":"2014-07-22T07:33:47","guid":{"rendered":"http:\/\/www.initiative-rathaus-seefeld.org\/?p=104"},"modified":"2014-10-05T02:52:14","modified_gmt":"2014-10-05T00:52:14","slug":"informationsveranstaltungen-der-gemeinde-im-juli-zum-rathaus","status":"publish","type":"post","link":"https:\/\/www.initiative-rathaus-seefeld.org\/?p=104","title":{"rendered":"Informationsveranstaltungen der Gemeinde im Juli zum Rathaus"},"content":{"rendered":"<div id=\"Text89LYR\" class=\"TextObject\" style=\"font-family: Arial,Helvetica,Geneva,Sans-serif; font-size: 18px; color: #000000;\">\n<p>Die Gemeinde f\u00fchrte im Juli 2014 zwei Veranstaltungen zum Thema Rathaus durch (am 08. Juli in Peter &amp; Paul, Oberalting, am 21. Juli im Hechendorfer B\u00fcrgerstadl).<\/p>\n<p><span style=\"font-family: Arial,Helvetica,Geneva,Sans-serif; font-size: 18px; color: #000000;\"><!--more--><\/span><\/p>\n<p>Dabei lag der Schwerpunkt auf der Darstellung des Neubaus am Krankenhaus. Erfreulicherweise hatten aber auch die Vertreter des B\u00fcrgerbegehrens Gelegenheit zu einer Darstellung ihrer Position.<\/p>\n<p><span style=\"font-family: Arial,Helvetica,Geneva,Sans-serif; font-size: 18px; color: #000000;\">In beiden Veranstaltung wurde deutlich, dass es in der (anwesenden) Bev\u00f6lkerung sehr unterschiedliche Vorstellungen \u00fcber die Konzepte und den Stand der jeweiligen Aktivit\u00e4ten gibt. Es ist von der Initiative noch einiges zu tun, um unsere Vorschl\u00e4ge zu vermitteln.<\/span><\/p>\n<p style=\"margin-bottom: 0px;\"><span style=\"font-family: Arial,Helvetica,Geneva,Sans-serif; font-size: 18px; color: #000000;\">Zum Nachschlagen ein Teil der Folien vom 21.07.2014: <a href=\"https:\/\/www.initiative-rathaus-seefeld.org\/wp-content\/uploads\/2014\/08\/Anbau-Rathaus-Seefeld-08.pdf\">Anbau Rathaus Seefeld 08<\/a><br \/>\n<\/span><\/p>\n<\/div>\n","protected":false},"excerpt":{"rendered":"<p>Die Gemeinde f\u00fchrte im Juli 2014 zwei Veranstaltungen zum Thema Rathaus durch (am 08. Juli in Peter &amp; Paul, Oberalting, am 21. Juli im Hechendorfer B\u00fcrgerstadl).<\/p>\n","protected":false},"author":1,"featured_media":0,"comment_status":"closed","ping_status":"closed","sticky":false,"template":"","format":"standard","meta":{"footnotes":""},"categories":[1],"tags":[],"class_list":["post-104","post","type-post","status-publish","format-standard","hentry","category-informationen"],"_links":{"self":[{"href":"https:\/\/www.initiative-rathaus-seefeld.org\/index.php?rest_route=\/wp\/v2\/posts\/104","targetHints":{"allow":["GET"]}}],"collection":[{"href":"https:\/\/www.initiative-rathaus-seefeld.org\/index.php?rest_route=\/wp\/v2\/posts"}],"about":[{"href":"https:\/\/www.initiative-rathaus-seefeld.org\/index.php?rest_route=\/wp\/v2\/types\/post"}],"author":[{"embeddable":true,"href":"https:\/\/www.initiative-rathaus-seefeld.org\/index.php?rest_route=\/wp\/v2\/users\/1"}],"replies":[{"embeddable":true,"href":"https:\/\/www.initiative-rathaus-seefeld.org\/index.php?rest_route=%2Fwp%2Fv2%2Fcomments&post=104"}],"version-history":[{"count":5,"href":"https:\/\/www.initiative-rathaus-seefeld.org\/index.php?rest_route=\/wp\/v2\/posts\/104\/revisions"}],"predecessor-version":[{"id":364,"href":"https:\/\/www.initiative-rathaus-seefeld.org\/index.php?rest_route=\/wp\/v2\/posts\/104\/revisions\/364"}],"wp:attachment":[{"href":"https:\/\/www.initiative-rathaus-seefeld.org\/index.php?rest_route=%2Fwp%2Fv2%2Fmedia&parent=104"}],"wp:term":[{"taxonomy":"category","embeddable":true,"href":"https:\/\/www.initiative-rathaus-seefeld.org\/index.php?rest_route=%2Fwp%2Fv2%2Fcategories&post=104"},{"taxonomy":"post_tag","embeddable":true,"href":"https:\/\/www.initiative-rathaus-seefeld.org\/index.php?rest_route=%2Fwp%2Fv2%2Ftags&post=104"}],"curies":[{"name":"wp","href":"https:\/\/api.w.org\/{rel}","templated":true}]}}